{"id":27153,"date":"2016-04-19T12:36:39","date_gmt":"2016-04-19T17:06:39","guid":{"rendered":"http:\/\/gradadigital.com\/home\/?p=27153"},"modified":"2016-04-19T20:19:54","modified_gmt":"2016-04-20T00:49:54","slug":"la-vinotinto-inicia-su-preparacion-para-la-copa-america-centenario","status":"publish","type":"post","link":"http:\/\/gradadigital.com\/home\/la-vinotinto-inicia-su-preparacion-para-la-copa-america-centenario\/","title":{"rendered":"+CONVOCATORIA | La Vinotinto iniciar\u00e1 su preparaci\u00f3n para la Copa Am\u00e9rica Centenario"},"content":{"rendered":"<p style=\"text-align: center;\"><img decoding=\"async\" src=\"http:\/\/gradadigital.com\/home\/wp-content\/uploads\/2016\/03\/rubert_quijada_entrenamiento_venezuela_27032016.jpg\" \/><\/p>\n<p style=\"text-align: justify;\"><strong>Prensa Vinotinto &#8211;<\/strong> La Selecci\u00f3n Nacional absoluta comenzar\u00e1 su preparaci\u00f3n para la Copa Am\u00e9rica Centenario, que se jugar\u00e1 del 3 al 26 de junio en los Estados Unidos. El combinado nacional realizar\u00e1 su primer m\u00f3dulo del 25 al 28 de abril en el Centro Nacional de Alto Rendimiento (CNAR), ubicado en el estado Nueva Esparta.<\/p>\n<p style=\"text-align: justify;\">Los 14 futbolistas del torneo local, <span style=\"color: #0000ff;\"><a style=\"color: #0000ff;\" href=\"http:\/\/gradadigital.com\/home\/convocatoria-rafael-dudamel-anuncio-los-40-preseleccionados-para-la-copa-america-centenario\/\">quienes est\u00e1n incluidos en la lista de buena fe de 40 jugadores para la competici\u00f3n<\/a><\/span>, trabajar\u00e1n en paralelo con 16 jugadores de la Selecci\u00f3n Sub-20, que se concentrar\u00e1n por d\u00e9cima segunda oportunidad.<\/p>\n<p style=\"text-align: justify;\">Todos los futbolistas del combinado juvenil, citados al CNAR, estuvieron en el und\u00e9cimo m\u00f3dulo realizado la semana pasada en Acarigua, estado Portuguesa.<\/p>\n<p style=\"text-align: justify;\"><strong>Convocatoria:<\/strong><\/p>\n<p style=\"text-align: center;\"><img decoding=\"async\" src=\"http:\/\/gradadigital.com\/home\/wp-content\/uploads\/2016\/04\/Convocatoria-combinada-791x1024.jpg\" \/><\/p>\n","protected":false},"excerpt":{"rendered":"<p>Prensa Vinotinto &#8211; La Selecci\u00f3n Nacional absoluta comenzar\u00e1 su preparaci\u00f3n para la Copa Am\u00e9rica Centenario, que se jugar\u00e1 del 3 al 26 de junio en los Estados Unidos. El combinado nacional realizar\u00e1 su primer m\u00f3dulo del 25 al 28 de abril en el Centro Nacional de Alto Rendimiento (CNAR), ubicado en el estado Nueva Esparta. &#8230;<\/p>\n","protected":false},"author":8,"featured_media":26479,"comment_status":"closed","ping_status":"closed","sticky":false,"template":"","format":"standard","meta":{"footnotes":""},"categories":[752,42,39,40,3],"tags":[],"class_list":["post-27153","post","type-post","status-publish","format-standard","has-post-thumbnail","hentry","category-appgd","category-copa-america","category-seleccion-nacional-juveniles","category-seleccion-nacional-mayores","category-seleccion-nacional"],"_links":{"self":[{"href":"http:\/\/gradadigital.com\/home\/wp-json\/wp\/v2\/posts\/27153","targetHints":{"allow":["GET"]}}],"collection":[{"href":"http:\/\/gradadigital.com\/home\/wp-json\/wp\/v2\/posts"}],"about":[{"href":"http:\/\/gradadigital.com\/home\/wp-json\/wp\/v2\/types\/post"}],"author":[{"embeddable":true,"href":"http:\/\/gradadigital.com\/home\/wp-json\/wp\/v2\/users\/8"}],"replies":[{"embeddable":true,"href":"http:\/\/gradadigital.com\/home\/wp-json\/wp\/v2\/comments?post=27153"}],"version-history":[{"count":8,"href":"http:\/\/gradadigital.com\/home\/wp-json\/wp\/v2\/posts\/27153\/revisions"}],"predecessor-version":[{"id":27199,"href":"http:\/\/gradadigital.com\/home\/wp-json\/wp\/v2\/posts\/27153\/revisions\/27199"}],"wp:featuredmedia":[{"embeddable":true,"href":"http:\/\/gradadigital.com\/home\/wp-json\/wp\/v2\/media\/26479"}],"wp:attachment":[{"href":"http:\/\/gradadigital.com\/home\/wp-json\/wp\/v2\/media?parent=27153"}],"wp:term":[{"taxonomy":"category","embeddable":true,"href":"http:\/\/gradadigital.com\/home\/wp-json\/wp\/v2\/categories?post=27153"},{"taxonomy":"post_tag","embeddable":true,"href":"http:\/\/gradadigital.com\/home\/wp-json\/wp\/v2\/tags?post=27153"}],"curies":[{"name":"wp","href":"https:\/\/api.w.org\/{rel}","templated":true}]}}