{"id":26929,"date":"2016-04-10T22:41:03","date_gmt":"2016-04-11T03:11:03","guid":{"rendered":"http:\/\/gradadigital.com\/home\/?p=26929"},"modified":"2016-04-10T23:06:45","modified_gmt":"2016-04-11T03:36:45","slug":"deportivo-alaves-corta-racha-de-imbatibilidad-de-dani-hernandez","status":"publish","type":"post","link":"http:\/\/gradadigital.com\/home\/deportivo-alaves-corta-racha-de-imbatibilidad-de-dani-hernandez\/","title":{"rendered":"Deportivo Alav\u00e9s corta racha de imbatibilidad de Dani Hern\u00e1ndez"},"content":{"rendered":"<p style=\"text-align: center;\"><img decoding=\"async\" src=\"http:\/\/gradadigital.com\/home\/wp-content\/uploads\/2016\/04\/deportivo_alaves_tenerife_10042016.jpg\" alt=\"\" \/><\/p>\n<p style=\"text-align: justify;\"><strong>EFE &#8211;<\/strong> El Alav\u00e9s dej\u00f3 escapar la victoria ante el Tenerife en la recta final del partido y el empate a dos final lo deja igualado a 57 puntos con el l\u00edder Legan\u00e9s y con cinco de ventaja sobre el Oviedo y el\u00a0N\u00e0stic.<\/p>\n<p style=\"text-align: justify;\">Los vitorianos acumulan cuatro empates en Mendizorroza y siguen sin ganar ante su afici\u00f3n desde el 7 de febrero, y el cuadro tinerfe\u00f1o mantiene la d\u00e9cimo tercera plaza y con el punto en Vitoria siguen a tres puntos del sexto puesto que ocupa el Zaragoza aunque presume una cruenta lucha en las nueve jornadas finales por alcanzar esos lugares de privilegio.<\/p>\n<p style=\"text-align: justify;\">El Alav\u00e9s salt\u00f3 ante su hinchada para defender el liderato y volver a vencer despu\u00e9s de tres empates consecutivos, pero el Tenerife demostr\u00f3 desde el inicio su buen toque con un juego fluido en la parcela central.<\/p>\n<p style=\"text-align: justify;\">En una acci\u00f3n a bal\u00f3n parado intent\u00f3 sorprender Manu Barreiro pero el disparo acab\u00f3 en la esquina tras rebotar en un defensa.<\/p>\n<p style=\"text-align: justify;\">Una mete\u00f3rica contra del Tenerife mal rematado por Suso por el preludio al tanto en el minuto 22. Javi Lara colg\u00f3 un saque de esquina que remat\u00f3 Carlos Ruiz y Nano recogi\u00f3 el bal\u00f3n en el \u00e1rea peque\u00f1a para fusilar a Pacheco y adelantar a los tinerfe\u00f1os<\/p>\n<p style=\"text-align: justify;\">Pas\u00f3 momentos de duda el conjunto local al verse con el marcador en contra. <strong>No tard\u00f3 diez minutos en recomponer el duelo al robar Juli un bal\u00f3n a la zaga local y batir con un tiro ajustado al poste derecho a Dani Hern\u00e1ndez<\/strong>.<\/p>\n<p style=\"text-align: justify;\"><strong>El centrocampista albiazul termin\u00f3 con la racha de 485 minutos de imbatibilidad del meta chicharrero, imbatido desde el duelo ante el Mirand\u00e9s cuando Eguaras le marc\u00f3 por \u00faltima vez<\/strong>.<\/p>\n<p style=\"text-align: justify;\">Con la igualdad de nuevo restablecida el duelo deriv\u00f3 en un intercambio de pases en el centro del campo. El Alav\u00e9s ya no volvi\u00f3 a aparecer con peligro por el \u00e1rea tinerfe\u00f1a, mientras los de Pep Mart\u00ed siguieron mostrando su buen toque para crear peligro.<\/p>\n<p style=\"text-align: justify;\">No pudo comenzar mejor el segundo tiempo para el Alav\u00e9s que logr\u00f3 completar la remontada en el primer saque de esquina, cuando Sergio Mora se encontr\u00f3 el bal\u00f3n suelto tras tocar peinar un compa\u00f1ero y su zapatazo se col\u00f3 como un misil para poner en ventaja al Alav\u00e9s.<\/p>\n<p style=\"text-align: justify;\">Decay\u00f3 el partido al encontrarse los locales en su situaci\u00f3n favorita, mientras el Tenerife ya no volvi\u00f3 a ser el del primer tiempo y cada vez tuvo menos el bal\u00f3n en su poder.<\/p>\n<p style=\"text-align: justify;\"><strong>En el minuto 70 estuvieron cerca los albiazules de lograr el tercer tanto con un disparo de Manu Barreiro al larguero con Dani Hern\u00e1ndez ya batido<\/strong>.<\/p>\n<p style=\"text-align: justify;\">Cuando los vitorianos ya intu\u00edan el triunfo en una mala coordinaci\u00f3n entre Fernando Pacheco y Carpio pudo meter la puntera de la bota Nano para marcar el segundo del Tenerife, a cuatro de la conclusi\u00f3n, aunque la acci\u00f3n le cost\u00f3 abandonar el terreno de juego en camilla por un golpe en el tobillo.<\/p>\n<p style=\"text-align: justify;\"><strong><span style=\"text-decoration: underline;\">Ficha T\u00e9cnica<\/span>:<\/strong><br \/>\n<strong>Alav\u00e9s (2):<\/strong> F. Pacheco; Carpio, Laguardia, Pelegr\u00edn, Ra\u00fal Garc\u00eda, Mora, Bernardello, D. Pacheco (I\u00f1aki, m.81), Juli (Guich\u00f3n, m.88), Toquero (Beobide, m.63) y Manu Barreiro.<\/p>\n<p style=\"text-align: justify;\"><strong>Tenerife (2):<\/strong> <strong>Dani Hern\u00e1ndez<\/strong>;\u00a0C\u00e1mara (Cristo, m.78), Carlos Ruiz (Alberto, m.46), Germ\u00e1n, Sa\u00fal Garc\u00eda, Aitor Sanz, Vitolo, Suso, Lara (Moutinho, m.62), Nano,\u00a0Lozano.<\/p>\n<p style=\"text-align: justify;\"><strong>Goles:<\/strong> 0-1, m.13: Nano; 1-1, m.24: Juli; 2-1, m.46: Sergio Mora; 2-2, m.86: Nano.<br \/>\n<strong>\u00c1rbitro:<\/strong> Arcediano Monescillo (Comit\u00e9 Castellano Manchego). Amonest\u00f3 a los locales Toquero, Mora, Juli, Guich\u00f3n, Pelegr\u00edn\u00a0y a los visitantes Suso, Javi Lara, Germ\u00e1n.<br \/>\n<strong>Incidencias:<\/strong> Partido disputado en el estadio de Mendizorroza ante 11.649 espectadores, seg\u00fan el club.<\/p>\n","protected":false},"excerpt":{"rendered":"<p>EFE &#8211; El Alav\u00e9s dej\u00f3 escapar la victoria ante el Tenerife en la recta final del partido y el empate a dos final lo deja igualado a 57 puntos con el l\u00edder Legan\u00e9s y con cinco de ventaja sobre el Oviedo y el\u00a0N\u00e0stic. Los vitorianos acumulan cuatro empates en Mendizorroza y siguen sin ganar ante &#8230;<\/p>\n","protected":false},"author":3,"featured_media":26930,"comment_status":"closed","ping_status":"closed","sticky":false,"template":"","format":"standard","meta":{"footnotes":""},"categories":[752,36,4],"tags":[],"class_list":["post-26929","post","type-post","status-publish","format-standard","has-post-thumbnail","hentry","category-appgd","category-internacional","category-legionarios"],"_links":{"self":[{"href":"http:\/\/gradadigital.com\/home\/wp-json\/wp\/v2\/posts\/26929","targetHints":{"allow":["GET"]}}],"collection":[{"href":"http:\/\/gradadigital.com\/home\/wp-json\/wp\/v2\/posts"}],"about":[{"href":"http:\/\/gradadigital.com\/home\/wp-json\/wp\/v2\/types\/post"}],"author":[{"embeddable":true,"href":"http:\/\/gradadigital.com\/home\/wp-json\/wp\/v2\/users\/3"}],"replies":[{"embeddable":true,"href":"http:\/\/gradadigital.com\/home\/wp-json\/wp\/v2\/comments?post=26929"}],"version-history":[{"count":3,"href":"http:\/\/gradadigital.com\/home\/wp-json\/wp\/v2\/posts\/26929\/revisions"}],"predecessor-version":[{"id":26933,"href":"http:\/\/gradadigital.com\/home\/wp-json\/wp\/v2\/posts\/26929\/revisions\/26933"}],"wp:featuredmedia":[{"embeddable":true,"href":"http:\/\/gradadigital.com\/home\/wp-json\/wp\/v2\/media\/26930"}],"wp:attachment":[{"href":"http:\/\/gradadigital.com\/home\/wp-json\/wp\/v2\/media?parent=26929"}],"wp:term":[{"taxonomy":"category","embeddable":true,"href":"http:\/\/gradadigital.com\/home\/wp-json\/wp\/v2\/categories?post=26929"},{"taxonomy":"post_tag","embeddable":true,"href":"http:\/\/gradadigital.com\/home\/wp-json\/wp\/v2\/tags?post=26929"}],"curies":[{"name":"wp","href":"https:\/\/api.w.org\/{rel}","templated":true}]}}