{"id":26018,"date":"2016-03-18T10:38:46","date_gmt":"2016-03-18T15:08:46","guid":{"rendered":"http:\/\/gradadigital.com\/home\/?p=26018"},"modified":"2016-03-18T10:38:46","modified_gmt":"2016-03-18T15:08:46","slug":"quijada-y-farinez-listos-para-defender-a-la-vinotinto","status":"publish","type":"post","link":"http:\/\/gradadigital.com\/home\/quijada-y-farinez-listos-para-defender-a-la-vinotinto\/","title":{"rendered":"Quijada y Fari\u00f1ez listos para defender a la Vinotinto"},"content":{"rendered":"<p style=\"text-align: center;\"><img loading=\"lazy\" decoding=\"async\" class=\"alignnone size-full wp-image-26020\" src=\"http:\/\/gradadigital.com\/home\/wp-content\/uploads\/2016\/03\/wuilker_farinez_caracas_aragua_05022016.jpg\" alt=\"wuilker_farinez_caracas_aragua_05022016\" width=\"682\" height=\"455\" srcset=\"http:\/\/gradadigital.com\/home\/wp-content\/uploads\/2016\/03\/wuilker_farinez_caracas_aragua_05022016.jpg 682w, http:\/\/gradadigital.com\/home\/wp-content\/uploads\/2016\/03\/wuilker_farinez_caracas_aragua_05022016-300x200.jpg 300w\" sizes=\"auto, (max-width: 682px) 100vw, 682px\" \/><\/p>\n<p style=\"text-align: justify;\"><strong>PRENSA CFC.-<\/strong>En horas de la ma\u00f1ana de este jueves, Rubert Quijada y Wuilker Fari\u00f1ez aterrizaron a la Isla de Margarita para reportarse a la Selecci\u00f3n Nacional de Venezuela en el Centro Nacional de Alto Rendimiento, en el que preparar\u00e1n los \u00faltimos detalles para afrontar la doble fecha de las Eliminatorias Sudamericanas rumbo a Rusia 2018 ante sus similares de Per\u00fa y Chile.\u00a0 Los elementos del Rojo llegaron motivados a la concentraci\u00f3n Vinotinto.<\/p>\n<p style=\"text-align: justify;\">El defensor Quijada celebra volver a enfundarse los colores patrios y su primer llamado oficial \u2013 antes hab\u00eda estado en desaf\u00edos amistosos \u2013. <strong>\u201cEstoy muy contento pero s\u00e9 que es una responsabilidad enorme. Voy con la convicci\u00f3n y la fe de sumar minutos y de ayudar a la Selecci\u00f3n a obtener puntos, que ahorita est\u00e1 en d\u00e9ficit de ello\u201d<\/strong>, acot\u00f3.<\/p>\n<p style=\"text-align: center;\"><img loading=\"lazy\" decoding=\"async\" class=\"alignnone size-full wp-image-26019\" src=\"http:\/\/gradadigital.com\/home\/wp-content\/uploads\/2016\/03\/rubert_quijada_caracas_petare_16032016.jpg\" alt=\"rubert_quijada_caracas_petare_16032016\" width=\"682\" height=\"455\" srcset=\"http:\/\/gradadigital.com\/home\/wp-content\/uploads\/2016\/03\/rubert_quijada_caracas_petare_16032016.jpg 682w, http:\/\/gradadigital.com\/home\/wp-content\/uploads\/2016\/03\/rubert_quijada_caracas_petare_16032016-300x200.jpg 300w\" sizes=\"auto, (max-width: 682px) 100vw, 682px\" \/><\/p>\n<p style=\"text-align: justify;\">El nacido en Matur\u00edn afirma que el buen momento por el que transita es am\u00e9n del sacrificio que realiza cada d\u00eda. <strong>\u201cEs gratificante, todo viene es gracias al trabajo; vengo esforz\u00e1ndome d\u00eda tras d\u00eda y desde mi \u00faltimo llamado ten\u00eda unas ganas enormes de regresar a la Selecci\u00f3n. Estoy enfocado, trabajando al 100% y todo viene por la continuidad que tengo en un equipo como el Caracas F\u00fatbol Club, un grande en el que si haces las cosas de la mejor manera, las magn\u00edficas\u201d<\/strong>, asever\u00f3 el propietario del camiseta \u201c6\u201d del Endecacampe\u00f3n de Venezuela, quien registra dos tantos en el semestre.<\/p>\n<p style=\"text-align: justify;\">Los rojos del \u00c1vila se encuentran inspirados en el Torneo Apertura 2016, uno de los factores que el lateral izquierdo afirma que hizo peso para su llamado. <strong>\u201c\u00a1Claro, por supuesto! Somos el \u00fanico equipo invicto, el menos goleado y estamos peleando la punta del torneo con partidos menos, eso lleva a que todos vean al Caracas. Si he sobresalido es gracias a mis compa\u00f1eros, este llamado tambi\u00e9n es de ellos y estoy segur\u00edsimo que lograr\u00e9 dejar el nombre del Caracas F\u00fatbol Club en lo m\u00e1s alto\u201d<\/strong>, concluy\u00f3 Rubert Quijada, quien junto al meta Wuilker Fari\u00f1ez representar\u00e1n al equipo m\u00e1s ganador del f\u00fatbol profesional criollo en los duelos de la Vinotinto en Lima y Barinas.<\/p>\n","protected":false},"excerpt":{"rendered":"<p>PRENSA CFC.-En horas de la ma\u00f1ana de este jueves, Rubert Quijada y Wuilker Fari\u00f1ez aterrizaron a la Isla de Margarita para reportarse a la Selecci\u00f3n Nacional de Venezuela en el Centro Nacional de Alto Rendimiento, en el que preparar\u00e1n los \u00faltimos detalles para afrontar la doble fecha de las Eliminatorias Sudamericanas rumbo a Rusia 2018 &#8230;<\/p>\n","protected":false},"author":4,"featured_media":26020,"comment_status":"closed","ping_status":"closed","sticky":false,"template":"","format":"standard","meta":{"footnotes":""},"categories":[752,9,40,3],"tags":[],"class_list":["post-26018","post","type-post","status-publish","format-standard","has-post-thumbnail","hentry","category-appgd","category-caracas-fc","category-seleccion-nacional-mayores","category-seleccion-nacional"],"_links":{"self":[{"href":"http:\/\/gradadigital.com\/home\/wp-json\/wp\/v2\/posts\/26018","targetHints":{"allow":["GET"]}}],"collection":[{"href":"http:\/\/gradadigital.com\/home\/wp-json\/wp\/v2\/posts"}],"about":[{"href":"http:\/\/gradadigital.com\/home\/wp-json\/wp\/v2\/types\/post"}],"author":[{"embeddable":true,"href":"http:\/\/gradadigital.com\/home\/wp-json\/wp\/v2\/users\/4"}],"replies":[{"embeddable":true,"href":"http:\/\/gradadigital.com\/home\/wp-json\/wp\/v2\/comments?post=26018"}],"version-history":[{"count":1,"href":"http:\/\/gradadigital.com\/home\/wp-json\/wp\/v2\/posts\/26018\/revisions"}],"predecessor-version":[{"id":26021,"href":"http:\/\/gradadigital.com\/home\/wp-json\/wp\/v2\/posts\/26018\/revisions\/26021"}],"wp:featuredmedia":[{"embeddable":true,"href":"http:\/\/gradadigital.com\/home\/wp-json\/wp\/v2\/media\/26020"}],"wp:attachment":[{"href":"http:\/\/gradadigital.com\/home\/wp-json\/wp\/v2\/media?parent=26018"}],"wp:term":[{"taxonomy":"category","embeddable":true,"href":"http:\/\/gradadigital.com\/home\/wp-json\/wp\/v2\/categories?post=26018"},{"taxonomy":"post_tag","embeddable":true,"href":"http:\/\/gradadigital.com\/home\/wp-json\/wp\/v2\/tags?post=26018"}],"curies":[{"name":"wp","href":"https:\/\/api.w.org\/{rel}","templated":true}]}}