{"id":25832,"date":"2016-03-13T15:54:46","date_gmt":"2016-03-13T20:24:46","guid":{"rendered":"http:\/\/gradadigital.com\/home\/?p=25832"},"modified":"2016-03-13T15:54:46","modified_gmt":"2016-03-13T20:24:46","slug":"eliminatorias-peru-completa-convocatoria-para-duelos-contra-venezuela-y-uruguay","status":"publish","type":"post","link":"http:\/\/gradadigital.com\/home\/eliminatorias-peru-completa-convocatoria-para-duelos-contra-venezuela-y-uruguay\/","title":{"rendered":"Eliminatorias: Per\u00fa completa convocatoria para duelos contra Venezuela y Uruguay"},"content":{"rendered":"<p style=\"text-align: center;\"><a href=\"http:\/\/gradadigital.com\/home\/wp-content\/uploads\/2015\/06\/8ricardo_gareca_chile_peru_29062015_8.jpg\" rel=\"attachment wp-att-21313\"><img loading=\"lazy\" decoding=\"async\" class=\"alignnone size-full wp-image-21313\" src=\"http:\/\/gradadigital.com\/home\/wp-content\/uploads\/2015\/06\/8ricardo_gareca_chile_peru_29062015_8.jpg\" alt=\"8ricardo_gareca_chile_peru_29062015_8\" width=\"682\" height=\"455\" srcset=\"http:\/\/gradadigital.com\/home\/wp-content\/uploads\/2015\/06\/8ricardo_gareca_chile_peru_29062015_8.jpg 682w, http:\/\/gradadigital.com\/home\/wp-content\/uploads\/2015\/06\/8ricardo_gareca_chile_peru_29062015_8-300x200.jpg 300w\" sizes=\"auto, (max-width: 682px) 100vw, 682px\" \/><\/a><\/p>\n<p style=\"text-align: justify;\"><strong>AFP<\/strong> &#8211;\u00a0Per\u00fa convoc\u00f3 a 13 futbolistas del torneo local el viernes y complet\u00f3 la plantilla de jugadores que enfrentar\u00e1n a <strong>Venezuela<\/strong> y Uruguay por la clasificatoria sudamericana a Rusia-2018 el 24 y 29 de marzo, inform\u00f3 el viernes la Federaci\u00f3n Peruana de F\u00fatbol (FPF).<\/p>\n<p style=\"text-align: justify;\">Entre los jugadores llamados figura el veterano volante Carlos Lobat\u00f3n, de 36 a\u00f1os, del actual vicecampe\u00f3n peruano Sporting Cristal, que aporta cinco jugadores a la selecci\u00f3n que dirige el argentino Ricardo Gareca.<\/p>\n<p style=\"text-align: justify;\">Entre los citados no figura ning\u00fan jugador del club Melgar, campe\u00f3n del torneo de primera divisi\u00f3n en 2015.<\/p>\n<p style=\"text-align: justify;\">La convocatoria completa la lista parcial revelada el lunes pasado donde figuraban 13 jugadores que militan en el extranjero, entre los que destacan otro veterano de 37 a\u00f1os como Claudio Pizarro (Werder Bremen, Alemania) y Paolo Guerrero (Flamengo, Brasil).<\/p>\n<p style=\"text-align: justify;\"><strong>La selecci\u00f3n inca recibir\u00e1 el 24 marzo en Lima a Venezuela<\/strong>, y el 29 de marzo visitar\u00e1 a Uruguay en Montevideo.<\/p>\n<p style=\"text-align: justify;\">Per\u00fa marcha rezagado en las clasificatorias con s\u00f3lo tres puntos en cuatro partidos tras perder 2-0 con Colombia en Barranquilla, caer 4-3 con Chile en Lima; vencer a Paraguay 1-0 en Lima y ser goleado 3-0 ante Brasil en Salvador de Bah\u00eda.<\/p>\n<p style=\"text-align: justify;\"><strong>La lista completa de convocados es la siguiente<\/strong>:<\/p>\n<p style=\"text-align: justify;\"><strong>Arqueros:<\/strong> Pedro Gallese (Juan Aurich), Diego Penny (Sporting Cristal), Salom\u00f3n Libman (C\u00e9sar Vallejo).<\/p>\n<p style=\"text-align: justify;\"><strong>Defensas:<\/strong> Luis Adv\u00edncula (Newell\u2019s Old Boys, Argentina), Carlos Ascues (Wolfsburgo, Alemania), Aldo Corzo (Deportivo Municipal), Christian Ramos (Juan Aurich), Jair C\u00e9spedes (Sporting Cristal), Alberto Rodr\u00edguez (Sporting Cristal), Carlos Zambrano (Eintracht Frankfurt, Alemania), Yoshimar Yot\u00fan (Malm\u00f6, Suecia), Alexander Callens (Numancia, Espa\u00f1a).<\/p>\n<p style=\"text-align: justify;\"><strong>Volantes:<\/strong> Josepmir Ball\u00f3n (Sporting Cristal), Carlos Lobat\u00f3n (Sporting Cristal), \u00d3scar V\u00edlchez (Alianza Lima), Christian Cueva (Toluca, M\u00e9xico), Jefferson Farf\u00e1n (Al Jazira, Emiratos Arabes), Cristian Benavente (Royal Charleroi, B\u00e9lgica), Juan Vargas (Real Betis, Espa\u00f1a), Renato Tapia (FC Twente, Holanda).<\/p>\n<p style=\"text-align: justify;\"><strong>Delanteros:<\/strong> Ra\u00fal Ruid\u00edaz (Universitario de Deportes), Edison Flores (Universitario de Deportes), Andy Polo (Universitario de Deportes), Luiz Da Silva (PSV, Holanda), Paolo Guerrero (Flamengo), Claudio Pizarro (Werder Bremen).<\/p>\n","protected":false},"excerpt":{"rendered":"<p>AFP &#8211;\u00a0Per\u00fa convoc\u00f3 a 13 futbolistas del torneo local el viernes y complet\u00f3 la plantilla de jugadores que enfrentar\u00e1n a Venezuela y Uruguay por la clasificatoria sudamericana a Rusia-2018 el 24 y 29 de marzo, inform\u00f3 el viernes la Federaci\u00f3n Peruana de F\u00fatbol (FPF). Entre los jugadores llamados figura el veterano volante Carlos Lobat\u00f3n, de &#8230;<\/p>\n","protected":false},"author":8,"featured_media":21313,"comment_status":"closed","ping_status":"closed","sticky":false,"template":"","format":"standard","meta":{"footnotes":""},"categories":[752,36,40,3],"tags":[],"class_list":["post-25832","post","type-post","status-publish","format-standard","has-post-thumbnail","hentry","category-appgd","category-internacional","category-seleccion-nacional-mayores","category-seleccion-nacional"],"_links":{"self":[{"href":"http:\/\/gradadigital.com\/home\/wp-json\/wp\/v2\/posts\/25832","targetHints":{"allow":["GET"]}}],"collection":[{"href":"http:\/\/gradadigital.com\/home\/wp-json\/wp\/v2\/posts"}],"about":[{"href":"http:\/\/gradadigital.com\/home\/wp-json\/wp\/v2\/types\/post"}],"author":[{"embeddable":true,"href":"http:\/\/gradadigital.com\/home\/wp-json\/wp\/v2\/users\/8"}],"replies":[{"embeddable":true,"href":"http:\/\/gradadigital.com\/home\/wp-json\/wp\/v2\/comments?post=25832"}],"version-history":[{"count":1,"href":"http:\/\/gradadigital.com\/home\/wp-json\/wp\/v2\/posts\/25832\/revisions"}],"predecessor-version":[{"id":25833,"href":"http:\/\/gradadigital.com\/home\/wp-json\/wp\/v2\/posts\/25832\/revisions\/25833"}],"wp:featuredmedia":[{"embeddable":true,"href":"http:\/\/gradadigital.com\/home\/wp-json\/wp\/v2\/media\/21313"}],"wp:attachment":[{"href":"http:\/\/gradadigital.com\/home\/wp-json\/wp\/v2\/media?parent=25832"}],"wp:term":[{"taxonomy":"category","embeddable":true,"href":"http:\/\/gradadigital.com\/home\/wp-json\/wp\/v2\/categories?post=25832"},{"taxonomy":"post_tag","embeddable":true,"href":"http:\/\/gradadigital.com\/home\/wp-json\/wp\/v2\/tags?post=25832"}],"curies":[{"name":"wp","href":"https:\/\/api.w.org\/{rel}","templated":true}]}}