{"id":25781,"date":"2016-03-12T17:25:19","date_gmt":"2016-03-12T21:55:19","guid":{"rendered":"http:\/\/gradadigital.com\/home\/?p=25781"},"modified":"2016-03-12T17:40:20","modified_gmt":"2016-03-12T22:10:20","slug":"carabobo-recibira-a-mineros-en-la-novena-jornada-del-apertura","status":"publish","type":"post","link":"http:\/\/gradadigital.com\/home\/carabobo-recibira-a-mineros-en-la-novena-jornada-del-apertura\/","title":{"rendered":"Carabobo recibir\u00e1 a Mineros en la novena jornada del Apertura"},"content":{"rendered":"<p style=\"text-align: center;\"><a href=\"http:\/\/gradadigital.com\/home\/wp-content\/uploads\/2016\/03\/carabobofc_entrenamiento_12032016.jpg\" rel=\"attachment wp-att-25782\"><img loading=\"lazy\" decoding=\"async\" class=\"alignnone size-full wp-image-25782\" src=\"http:\/\/gradadigital.com\/home\/wp-content\/uploads\/2016\/03\/carabobofc_entrenamiento_12032016.jpg\" alt=\"carabobofc_entrenamiento_12032016\" width=\"682\" height=\"455\" srcset=\"http:\/\/gradadigital.com\/home\/wp-content\/uploads\/2016\/03\/carabobofc_entrenamiento_12032016.jpg 682w, http:\/\/gradadigital.com\/home\/wp-content\/uploads\/2016\/03\/carabobofc_entrenamiento_12032016-300x200.jpg 300w\" sizes=\"auto, (max-width: 682px) 100vw, 682px\" \/><\/a><\/p>\n<p style=\"text-align: justify;\"><strong>Addrix Delgado, Prensa Carabobo FC<\/strong> &#8211;\u00a0Con el objetivo puesto en seguir manteniendo la racha invicta de siete partidos consecutivos sin perder en casa, Carabobo F\u00fatbol Club recibir\u00e1, este domingo, a Mineros de Guayana en el Polideportivo Misael Delgado de Valencia bajo el marco de la novena fecha del Torneo Apertura 2016.<\/p>\n<p style=\"text-align: justify;\">Tras visitar Pueblo Nuevo y sacar una valiosa unidad frente a Deportivo T\u00e1chira (1-1), los granates retornaron a Valencia y prepararon todos los detalles para seguir manteniendo la etiqueta de buenos anfitriones en el \u201cGigante de la Bol\u00edvar\u201d, ahora frente al elenco guayan\u00e9s. Con 12 puntos en la clasificaci\u00f3n, la Vinotinto Regional ocupa la s\u00e9ptima casilla de la tabla con tres triunfos, misma cantidad de empates y dos derrotas que registr\u00f3 en condici\u00f3n de visitante.<\/p>\n<p style=\"text-align: justify;\">La igualdad en San Crist\u00f3bal permiti\u00f3 a la divisa carabobe\u00f1a adicionar su segundo punto en papel de for\u00e1neo, sin embargo, en Valencia los carabobe\u00f1os han logrado sumar 10 unidades de 12 posibles en lo que va de certamen.<\/p>\n<p style=\"text-align: justify;\"><strong>\u201cGracias a Dios que se pudo sumar de visitante, ya que desde la fecha uno contra Petare no lo hab\u00edamos podido hacer y lo hicimos en San Crist\u00f3bal contra un rival directo que estar\u00e1 peleando por un puesto entre los ocho finales\u201d<\/strong>, manifest\u00f3 Jes\u00fas \u201cEl Piojo\u201d Quintero sobre el cotejo frente al elenco aurinegro.<\/p>\n<p style=\"text-align: justify;\">Asimismo, enfatiz\u00f3 en que <strong>\u201ctenemos que hacernos fuerte ac\u00e1 en casa, que cualquier equipo, que venga para ac\u00e1, venga con el temor de enfrentarnos. Aqu\u00ed no vamos a regalar puntos, vamos a tratar de sumar las tres unidades para depender de nosotros y as\u00ed, cuando lleguen los \u00faltimos compromisos, estar un poco m\u00e1s c\u00f3modos pensando en el octogonal. Tenemos que ir partido a partido y este es uno muy importante donde tenemos que ganar\u201d<\/strong>.<\/p>\n<p style=\"text-align: justify;\">Por otro lado, la escuadra negriazul -que arranc\u00f3 el Apertura con tres derrotas contin\u00faas- llega con la motivaci\u00f3n de sellar conquistas en sus \u00faltimas tres presentaciones, la m\u00e1s reciente con un contundente 6-1 sobre Petare FC en Puerto Ordaz. Con una contienda pendiente por disputar, Mineros ha ido escalando puestos en la tabla tras su dif\u00edcil arranque y actualmente ocupa el noveno pelda\u00f1o de la clasificaci\u00f3n con 10 unidades.<\/p>\n<p style=\"text-align: justify;\"><strong>\u201cEs un rival bastante fuerte. Sabemos lo que es Mineros, sabemos los jugadores que tienen y el cuerpo t\u00e9cnico que tienen. Empez\u00f3 mal, pero nunca se sac\u00f3 de los papales. Mineros siempre est\u00e1 participando entre los primeros equipos del torneo, por lo cual ser\u00e1 un partido bastante fuerte\u201d,<\/strong> indic\u00f3 \u201cPiojo\u201d sobre el rival de turno.<\/p>\n<p style=\"text-align: justify;\">De igual forma, el experimentado mediocampista advirti\u00f3 la importancia que tendr\u00e1 el compromiso que deber\u00e1n contender frente a la divisa negriazul, pues explic\u00f3 que <strong>\u201ctenemos que ganar para sacarle una buena ventaja, ya que tienen un partido menos y se nos complicar\u00eda si vienen a sumar ac\u00e1 en casa\u201d.<\/strong><\/p>\n<p style=\"text-align: justify;\">La \u00faltima vez que granates y negriazules protagonizaron una disputa, fue en el Torneo Adecuaci\u00f3n 2015 y la justa culmin\u00f3 con la paridad a un gol en Cachamay, mientras que la \u00faltima edici\u00f3n, entre ambas oncenas, que tuvo al Misael como escenario fue en el Clausura 2015 y el resultado se ti\u00f1\u00f3 de negriazul con victoria 0-1 sobre los industriales.<\/p>\n<p style=\"text-align: center;\"><a href=\"http:\/\/gradadigital.com\/home\/wp-content\/uploads\/2016\/03\/jesus_quintero_cristian_novoa_carabobo_entrenamiento_12032016.jpg\" rel=\"attachment wp-att-25784\"><img loading=\"lazy\" decoding=\"async\" class=\"alignnone size-full wp-image-25784\" src=\"http:\/\/gradadigital.com\/home\/wp-content\/uploads\/2016\/03\/jesus_quintero_cristian_novoa_carabobo_entrenamiento_12032016.jpg\" alt=\"jesus_quintero_cristian_novoa_carabobo_entrenamiento_12032016\" width=\"682\" height=\"455\" srcset=\"http:\/\/gradadigital.com\/home\/wp-content\/uploads\/2016\/03\/jesus_quintero_cristian_novoa_carabobo_entrenamiento_12032016.jpg 682w, http:\/\/gradadigital.com\/home\/wp-content\/uploads\/2016\/03\/jesus_quintero_cristian_novoa_carabobo_entrenamiento_12032016-300x200.jpg 300w\" sizes=\"auto, (max-width: 682px) 100vw, 682px\" \/><\/a><\/p>\n<p style=\"text-align: justify;\">No obstante, los granates no olvidan el 4-0 en el Torneo Apertura 2013 que tambi\u00e9n tuvo al \u201cGigante de la Bol\u00edvar\u201d como escenario de batalla, choque en el que Jos\u00e9 \u201cMancha\u201d Acosta y Cristian \u201cEl Chispa\u201d Novoa fueron los autores de la primera y segunda diana respectivamente, para lo que fue una posterior goleada que sentenci\u00f3 el uruguayo Pablo Olivera.<\/p>\n<p style=\"text-align: justify;\"><strong>\u201cVa a ser un partido bastante atractivo y lleno de buen f\u00fatbol porque son dos equipos que saben manejar muy bien la pelota y esperamos que el resultado sea positivo para Carabobo\u201d<\/strong>, sentenci\u00f3 el due\u00f1o del dorsal siete carabobe\u00f1o.<\/p>\n<p style=\"text-align: justify;\">La Vinotinto Regional buscar\u00e1 imponerse nuevamente en su feudo para escalar a puestos m\u00e1s altos en la tabla e ir asent\u00e1ndose en la clasificaci\u00f3n a la liguilla final y deber\u00e1 hacerlo frente a un combinado que quiere sacar provecho de su presente para seguir enlazando puntos, tras un arranque tropezoso, en la competici\u00f3n en curso.<\/p>\n<p style=\"text-align: justify;\"><strong>Convocatoria:<\/strong><\/p>\n<p style=\"text-align: justify;\">&#8211; Jos\u00e9 Leonardo Morales (23), Rafael Qui\u00f1ones (01), Jos\u00e9 Acosta (13), Oscar Rojas (16), Richard Badillo (3), Carlos Rivero (28), Gleider Caro (5), Jes\u00fas Quintero (7), Arist\u00f3teles Romero (8), Carlos Su\u00e1rez (17), Juan Colina (20), Marlon Fern\u00e1ndez (14), Christopher Monta\u00f1a* (26), Cristian Novoa (12), N\u00e9stor Bareiro (9), Jarlin Quintero (18), Aquiles Ocanto (10), Jos\u00e9 Bandez* (30).<\/p>\n<p style=\"text-align: justify;\"><strong>Parte m\u00e9dico:<\/strong><\/p>\n<p style=\"text-align: justify;\">&#8211; Eduard Bello: Lesi\u00f3n muscular en el posterior de la pierna derecha.<\/p>\n<p style=\"text-align: justify;\"><strong>Ficha t\u00e9cnica:<\/strong><\/p>\n<p style=\"text-align: justify;\"><strong>Partido:<\/strong> Carabobo F\u00fatbol Club vs. Mineros de Guayana<\/p>\n<p style=\"text-align: justify;\"><strong>Competici\u00f3n:<\/strong> Torneo Apertura 2016<\/p>\n<p style=\"text-align: justify;\"><strong>Fecha:<\/strong> Jornada 9 \u2013 Domingo 13\/03\/2016<\/p>\n<p style=\"text-align: justify;\"><strong>Hora:<\/strong> 7:30 P.M.<\/p>\n<p style=\"text-align: justify;\"><strong>Escenario:<\/strong> Polideportivo Misael Delgado de Valencia<\/p>\n<p style=\"text-align: justify;\"><strong>\u00c1rbitro Principal:<\/strong> Eduardo M\u00e1rmol (M\u00e9rida)<\/p>\n<p style=\"text-align: justify;\"><strong>1er. Asistente:<\/strong> Carlos L\u00f3pez (Aragua).<\/p>\n<p style=\"text-align: justify;\"><strong>2do. Asistente:<\/strong> Anibal L\u00f3pez (Aragua)<\/p>\n<p style=\"text-align: justify;\"><strong>4to. \u00c1rbitro:<\/strong> Miguel Mendible (Aragua)<\/p>\n<p style=\"text-align: justify;\"><strong>Transmisi\u00f3n:<\/strong> Televisi\u00f3n: Gol TV Latinoam\u00e9rica (Meridiano TV, Telearagua y TVR). Radio: Circuito FM Granate \u2013 Woao 88.1FM y woao.net<\/p>\n<p style=\"text-align: center;\"><a href=\"http:\/\/gradadigital.com\/home\/wp-content\/uploads\/2016\/03\/jose_acosta_carabobofc_entrenamiento_12032016.jpg\" rel=\"attachment wp-att-25786\"><img loading=\"lazy\" decoding=\"async\" class=\"alignnone size-full wp-image-25786\" src=\"http:\/\/gradadigital.com\/home\/wp-content\/uploads\/2016\/03\/jose_acosta_carabobofc_entrenamiento_12032016.jpg\" alt=\"jose_acosta_carabobofc_entrenamiento_12032016\" width=\"682\" height=\"455\" srcset=\"http:\/\/gradadigital.com\/home\/wp-content\/uploads\/2016\/03\/jose_acosta_carabobofc_entrenamiento_12032016.jpg 682w, http:\/\/gradadigital.com\/home\/wp-content\/uploads\/2016\/03\/jose_acosta_carabobofc_entrenamiento_12032016-300x200.jpg 300w\" sizes=\"auto, (max-width: 682px) 100vw, 682px\" \/><\/a><\/p>\n<p style=\"text-align: center;\">\n","protected":false},"excerpt":{"rendered":"<p>Addrix Delgado, Prensa Carabobo FC &#8211;\u00a0Con el objetivo puesto en seguir manteniendo la racha invicta de siete partidos consecutivos sin perder en casa, Carabobo F\u00fatbol Club recibir\u00e1, este domingo, a Mineros de Guayana en el Polideportivo Misael Delgado de Valencia bajo el marco de la novena fecha del Torneo Apertura 2016. Tras visitar Pueblo Nuevo &#8230;<\/p>\n","protected":false},"author":8,"featured_media":25782,"comment_status":"closed","ping_status":"closed","sticky":false,"template":"","format":"standard","meta":{"footnotes":""},"categories":[752,29,5,15,31],"tags":[],"class_list":["post-25781","post","type-post","status-publish","format-standard","has-post-thumbnail","hentry","category-appgd","category-carabobo-fc","category-futbol-nacional","category-mineros-de-guayana","category-primera-division"],"_links":{"self":[{"href":"http:\/\/gradadigital.com\/home\/wp-json\/wp\/v2\/posts\/25781","targetHints":{"allow":["GET"]}}],"collection":[{"href":"http:\/\/gradadigital.com\/home\/wp-json\/wp\/v2\/posts"}],"about":[{"href":"http:\/\/gradadigital.com\/home\/wp-json\/wp\/v2\/types\/post"}],"author":[{"embeddable":true,"href":"http:\/\/gradadigital.com\/home\/wp-json\/wp\/v2\/users\/8"}],"replies":[{"embeddable":true,"href":"http:\/\/gradadigital.com\/home\/wp-json\/wp\/v2\/comments?post=25781"}],"version-history":[{"count":3,"href":"http:\/\/gradadigital.com\/home\/wp-json\/wp\/v2\/posts\/25781\/revisions"}],"predecessor-version":[{"id":25787,"href":"http:\/\/gradadigital.com\/home\/wp-json\/wp\/v2\/posts\/25781\/revisions\/25787"}],"wp:featuredmedia":[{"embeddable":true,"href":"http:\/\/gradadigital.com\/home\/wp-json\/wp\/v2\/media\/25782"}],"wp:attachment":[{"href":"http:\/\/gradadigital.com\/home\/wp-json\/wp\/v2\/media?parent=25781"}],"wp:term":[{"taxonomy":"category","embeddable":true,"href":"http:\/\/gradadigital.com\/home\/wp-json\/wp\/v2\/categories?post=25781"},{"taxonomy":"post_tag","embeddable":true,"href":"http:\/\/gradadigital.com\/home\/wp-json\/wp\/v2\/tags?post=25781"}],"curies":[{"name":"wp","href":"https:\/\/api.w.org\/{rel}","templated":true}]}}