{"id":25663,"date":"2016-03-10T00:54:07","date_gmt":"2016-03-10T05:24:07","guid":{"rendered":"http:\/\/gradadigital.com\/home\/?p=25663"},"modified":"2016-03-10T00:54:07","modified_gmt":"2016-03-10T05:24:07","slug":"video-de-crack-impelable-el-golazo-de-carlos-cermeno-en-noche-de-libertadores","status":"publish","type":"post","link":"http:\/\/gradadigital.com\/home\/video-de-crack-impelable-el-golazo-de-carlos-cermeno-en-noche-de-libertadores\/","title":{"rendered":"VIDEO | De crack: \u00a1Impelable el golazo de Carlos Cerme\u00f1o en noche de Libertadores!"},"content":{"rendered":"<p style=\"text-align: center;\"><img loading=\"lazy\" decoding=\"async\" class=\"alignnone size-full wp-image-25660\" src=\"http:\/\/gradadigital.com\/home\/wp-content\/uploads\/2016\/03\/carlos_cermeno_tachira_pumas_09032016.jpg\" alt=\"carlos_cermeno_tachira_pumas_09032016\" width=\"682\" height=\"455\" srcset=\"http:\/\/gradadigital.com\/home\/wp-content\/uploads\/2016\/03\/carlos_cermeno_tachira_pumas_09032016.jpg 682w, http:\/\/gradadigital.com\/home\/wp-content\/uploads\/2016\/03\/carlos_cermeno_tachira_pumas_09032016-300x200.jpg 300w\" sizes=\"auto, (max-width: 682px) 100vw, 682px\" \/><\/p>\n<p style=\"text-align: justify;\"><strong>GradaDigital.com &#8211;<\/strong> El <span style=\"color: #0000ff;\"><a href=\"http:\/\/gradadigital.com\/home\/video-tachira-le-canto-las-rancheras-a-pumas\/\">triunfo del Deportivo T\u00e1chira<\/a><\/span> le entreg\u00f3 mucha alegr\u00eda a los aficionados del elenco \u00abAurinegro\u00bb y de toda San Crist\u00f3bal. Pero adem\u00e1s de ello, uno de sus jugadores le regal\u00f3 una de las m\u00e1s lindas postales de la Copa Libertadores. Carlos Cerme\u00f1o puso el segundo tanto que signific\u00f3 el marcador final (2-0) con un golazo propio de un crack. Si no lo crees,\u00a0rev\u00edvelo:<\/p>\n<blockquote class=\"twitter-video\" data-lang=\"es\">\n<p dir=\"ltr\" lang=\"es\">GOLAZO de Carlos Cerme\u00f1o a Pumas; por la fecha 3 del grupo 7 de la Libertadores 2016. <a href=\"https:\/\/t.co\/Z3MCHwkMXy\">pic.twitter.com\/Z3MCHwkMXy<\/a><\/p>\n<p>\u2014 Soy Del Carrusel (@SoyDelCarrusel) <a href=\"https:\/\/twitter.com\/SoyDelCarrusel\/status\/707797272931782660\">marzo 10, 2016<\/a><\/p><\/blockquote>\n<p><script src=\"\/\/platform.twitter.com\/widgets.js\" async=\"\" charset=\"utf-8\"><\/script><\/p>\n","protected":false},"excerpt":{"rendered":"<p>GradaDigital.com &#8211; El triunfo del Deportivo T\u00e1chira le entreg\u00f3 mucha alegr\u00eda a los aficionados del elenco \u00abAurinegro\u00bb y de toda San Crist\u00f3bal. Pero adem\u00e1s de ello, uno de sus jugadores le regal\u00f3 una de las m\u00e1s lindas postales de la Copa Libertadores. Carlos Cerme\u00f1o puso el segundo tanto que signific\u00f3 el marcador final (2-0) con &#8230;<\/p>\n","protected":false},"author":4,"featured_media":25660,"comment_status":"closed","ping_status":"closed","sticky":false,"template":"","format":"standard","meta":{"footnotes":""},"categories":[27,752,37,11],"tags":[],"class_list":["post-25663","post","type-post","status-publish","format-standard","has-post-thumbnail","hentry","category-video","category-appgd","category-copa-libertadores","category-deportivo-tachira"],"_links":{"self":[{"href":"http:\/\/gradadigital.com\/home\/wp-json\/wp\/v2\/posts\/25663","targetHints":{"allow":["GET"]}}],"collection":[{"href":"http:\/\/gradadigital.com\/home\/wp-json\/wp\/v2\/posts"}],"about":[{"href":"http:\/\/gradadigital.com\/home\/wp-json\/wp\/v2\/types\/post"}],"author":[{"embeddable":true,"href":"http:\/\/gradadigital.com\/home\/wp-json\/wp\/v2\/users\/4"}],"replies":[{"embeddable":true,"href":"http:\/\/gradadigital.com\/home\/wp-json\/wp\/v2\/comments?post=25663"}],"version-history":[{"count":1,"href":"http:\/\/gradadigital.com\/home\/wp-json\/wp\/v2\/posts\/25663\/revisions"}],"predecessor-version":[{"id":25664,"href":"http:\/\/gradadigital.com\/home\/wp-json\/wp\/v2\/posts\/25663\/revisions\/25664"}],"wp:featuredmedia":[{"embeddable":true,"href":"http:\/\/gradadigital.com\/home\/wp-json\/wp\/v2\/media\/25660"}],"wp:attachment":[{"href":"http:\/\/gradadigital.com\/home\/wp-json\/wp\/v2\/media?parent=25663"}],"wp:term":[{"taxonomy":"category","embeddable":true,"href":"http:\/\/gradadigital.com\/home\/wp-json\/wp\/v2\/categories?post=25663"},{"taxonomy":"post_tag","embeddable":true,"href":"http:\/\/gradadigital.com\/home\/wp-json\/wp\/v2\/tags?post=25663"}],"curies":[{"name":"wp","href":"https:\/\/api.w.org\/{rel}","templated":true}]}}