{"id":25652,"date":"2016-03-10T00:11:00","date_gmt":"2016-03-10T04:41:00","guid":{"rendered":"http:\/\/gradadigital.com\/home\/?p=25652"},"modified":"2016-03-10T15:37:15","modified_gmt":"2016-03-10T20:07:15","slug":"con-lagrimas-y-mucha-satisfaccion-farias-aseguro-que-la-fuerza-me-lo-da-el-plantel","status":"publish","type":"post","link":"http:\/\/gradadigital.com\/home\/con-lagrimas-y-mucha-satisfaccion-farias-aseguro-que-la-fuerza-me-lo-da-el-plantel\/","title":{"rendered":"+VIDEO | Con l\u00e1grimas y mucha satisfacci\u00f3n, Far\u00edas asegur\u00f3 que \u00abla fuerza me lo da el plantel\u00bb"},"content":{"rendered":"<p><iframe loading=\"lazy\" src=\"https:\/\/www.youtube.com\/embed\/IW9PXQZkAiQ\" width=\"682\" height=\"384\" frameborder=\"0\" allowfullscreen=\"allowfullscreen\"><\/iframe><\/p>\n<p style=\"text-align: justify;\"><strong>D10.COM.PY &#8211;<\/strong> El entrenador de Cerro Porte\u00f1o, el venezolano C\u00e9sar Far\u00edas, luego de la gran victoria por 3-2 ante el Corinthians este mi\u00e9rcoles en Sajonia, valor\u00f3 el resultado y destac\u00f3 el buen f\u00fatbol que despleg\u00f3 su equipo.<\/p>\n<p style=\"text-align: justify;\">\u00abEl equipo nunca se rindi\u00f3, puso mucho coraz\u00f3n y mucho f\u00fatbol. Es el equipo que and\u00e1bamos buscando, sab\u00edamos que es un proceso natural de crecimiento\u00bb, fueron las expresiones de Far\u00edas.<\/p>\n<p style=\"text-align: justify;\">El estratega del Cicl\u00f3n destac\u00f3 el buen funcionamiento de su equipo, sobre todo en el segundo tiempo. \u00abEl equipo tuvo la capacidad de jugar un buen f\u00fatbol, de ir siempre hacia el arco rival, pudimos seguir insistiendo hasta que aparecieran los goles\u00bb, expres\u00f3.<\/p>\n<p style=\"text-align: justify;\"><strong>EMOTIVO FESTEJO:<\/strong>\u00a0Con respecto al festejo de los jugadores luego del segundo y tercer gol, que fueron a abrazar a Far\u00edas en el banco de suplentes, el entrenador se\u00f1al\u00f3: \u00abMe agarr\u00f3 un poco de sorpresa porque estaba mirando hacia otro lado y despu\u00e9s sent\u00ed el abrazo de los muchachos, agradecido a ellos que hicieron un gran partido\u00bb.<\/p>\n<p style=\"text-align: justify;\"><strong>SIGUE FIRME:<\/strong>\u00a0Ante la consulta de si en alg\u00fan momento su continuidad depend\u00eda de este partido, Far\u00edas dej\u00f3 derramar algunas l\u00e1grimas y se\u00f1al\u00f3 que siempre recibi\u00f3 el apoyo del presidente Juan Jos\u00e9 Zapag para continuar al frente del plantel. \u00abHasta ahora yo s\u00f3lo he tenido palabras de apoyo del presidente\u00bb, dijo.<\/p>\n<p style=\"text-align: justify;\">\u00abTengo fuerzas para estar y para m\u00e1s, la fuerza me lo da el plantel y estoy muy contento por estar en Paraguay\u00bb, se\u00f1al\u00f3 emocionado el DT que con esta victoria se consolida en su cargo.<\/p>\n<p style=\"text-align: justify;\">Cerro Porte\u00f1o, l\u00edder del Grupo 8 de la Copa Libertadores de Am\u00e9rica con 7 unidades, enfrentar\u00e1 el pr\u00f3ximo mi\u00e9rcoles nuevamente al Corinthians, pero esta vez en Brasil, por la cuarta fecha del grupo.<\/p>\n","protected":false},"excerpt":{"rendered":"<p>D10.COM.PY &#8211; El entrenador de Cerro Porte\u00f1o, el venezolano C\u00e9sar Far\u00edas, luego de la gran victoria por 3-2 ante el Corinthians este mi\u00e9rcoles en Sajonia, valor\u00f3 el resultado y destac\u00f3 el buen f\u00fatbol que despleg\u00f3 su equipo. \u00abEl equipo nunca se rindi\u00f3, puso mucho coraz\u00f3n y mucho f\u00fatbol. Es el equipo que and\u00e1bamos buscando, sab\u00edamos &#8230;<\/p>\n","protected":false},"author":4,"featured_media":25653,"comment_status":"closed","ping_status":"closed","sticky":false,"template":"","format":"standard","meta":{"footnotes":""},"categories":[752,37,4],"tags":[],"class_list":["post-25652","post","type-post","status-publish","format-standard","has-post-thumbnail","hentry","category-appgd","category-copa-libertadores","category-legionarios"],"_links":{"self":[{"href":"http:\/\/gradadigital.com\/home\/wp-json\/wp\/v2\/posts\/25652","targetHints":{"allow":["GET"]}}],"collection":[{"href":"http:\/\/gradadigital.com\/home\/wp-json\/wp\/v2\/posts"}],"about":[{"href":"http:\/\/gradadigital.com\/home\/wp-json\/wp\/v2\/types\/post"}],"author":[{"embeddable":true,"href":"http:\/\/gradadigital.com\/home\/wp-json\/wp\/v2\/users\/4"}],"replies":[{"embeddable":true,"href":"http:\/\/gradadigital.com\/home\/wp-json\/wp\/v2\/comments?post=25652"}],"version-history":[{"count":2,"href":"http:\/\/gradadigital.com\/home\/wp-json\/wp\/v2\/posts\/25652\/revisions"}],"predecessor-version":[{"id":25718,"href":"http:\/\/gradadigital.com\/home\/wp-json\/wp\/v2\/posts\/25652\/revisions\/25718"}],"wp:featuredmedia":[{"embeddable":true,"href":"http:\/\/gradadigital.com\/home\/wp-json\/wp\/v2\/media\/25653"}],"wp:attachment":[{"href":"http:\/\/gradadigital.com\/home\/wp-json\/wp\/v2\/media?parent=25652"}],"wp:term":[{"taxonomy":"category","embeddable":true,"href":"http:\/\/gradadigital.com\/home\/wp-json\/wp\/v2\/categories?post=25652"},{"taxonomy":"post_tag","embeddable":true,"href":"http:\/\/gradadigital.com\/home\/wp-json\/wp\/v2\/tags?post=25652"}],"curies":[{"name":"wp","href":"https:\/\/api.w.org\/{rel}","templated":true}]}}