{"id":25627,"date":"2016-03-08T22:47:03","date_gmt":"2016-03-09T03:17:03","guid":{"rendered":"http:\/\/gradadigital.com\/home\/?p=25627"},"modified":"2016-03-08T22:47:03","modified_gmt":"2016-03-09T03:17:03","slug":"paton-gonzalez-presentado-como-nuevo-dt-del-monagas-sc","status":"publish","type":"post","link":"http:\/\/gradadigital.com\/home\/paton-gonzalez-presentado-como-nuevo-dt-del-monagas-sc\/","title":{"rendered":"\u2018\u2018Pat\u00f3n\u2019\u2019 Gonz\u00e1lez presentado como nuevo DT del Monagas SC"},"content":{"rendered":"<p style=\"text-align: center;\"><img loading=\"lazy\" decoding=\"async\" class=\"alignnone size-full wp-image-25626\" src=\"http:\/\/gradadigital.com\/home\/wp-content\/uploads\/2016\/03\/jose_gonzalez_paton_monagas_08032016.jpg\" alt=\"jose_gonzalez_paton_monagas_08032016\" width=\"682\" height=\"455\" srcset=\"http:\/\/gradadigital.com\/home\/wp-content\/uploads\/2016\/03\/jose_gonzalez_paton_monagas_08032016.jpg 682w, http:\/\/gradadigital.com\/home\/wp-content\/uploads\/2016\/03\/jose_gonzalez_paton_monagas_08032016-300x200.jpg 300w\" sizes=\"auto, (max-width: 682px) 100vw, 682px\" \/><\/p>\n<p style=\"text-align: justify;\"><strong>Oswaldo V\u00edvenes \/ Prensa Monagas Sport Club. \u2013<\/strong> Jos\u00e9 Francisco \u2018\u2018Pat\u00f3n\u2019\u2019 Gonz\u00e1lez fue presentado este martes como el nuevo director t\u00e9cnico del Monagas Sport Club a partir de la jornada 9 del Torneo Apertura 2016. El Cnel. Gonz\u00e1lez Esp\u00edn asegur\u00f3 que se decidi\u00f3 por su capacidad y disposici\u00f3n de trabajo.<\/p>\n<p style=\"text-align: justify;\">\u201cNos decidimos por \u2018Pat\u00f3n\u2019 porque ha demostrado que en retos dif\u00edciles se crece y eso es lo que necesitamos en Monagas actualmente. El azulgrana est\u00e1 integrado por un grupo que tiene muchas ansias de triunfar y sacar esto adelante\u201d, asegur\u00f3 el presidente del Club.<\/p>\n<p style=\"text-align: justify;\">El ex central Vinotinto llega al azulgrana con el objetivo claro de sacarlo de los puesto de descenso, \u201cprimeramente agradecido con Dios y el Cnel. por esta oportunidad que me da de seguir trabajando en lo que me gusta y transmitir nuestra experiencia a este grupo que me ha sorprendido en el primer entrenamiento que estuve al mando por su madurez\u201d.<\/p>\n<p style=\"text-align: justify;\">\u201cTuve una buena receptividad con el grupo. Vine para contribuir a colocar al Monagas en lo m\u00e1s alto posible de la tabla, para luego afrontar el clausura con m\u00e1s claridad. Creo que la disciplina, el orden y la uni\u00f3n ser\u00e1n claves para revertir el mal comienzo del azulgrana. Esto es de todos, directiva, cuerpo t\u00e9cnico, jugadores, fan\u00e1ticos y medios de comunicaci\u00f3n\u201d, acot\u00f3 el estratega.<\/p>\n<p style=\"text-align: justify;\">A su lado estar\u00e1n Jos\u00e9 Daniel Gonz\u00e1lez y Dioni Guerra como asistentes, mientras que se mantienen el PF John Sandro Piedraita y el PP C\u00e9sar \u201cPopeye\u201d Espinoza en el cuerpo t\u00e9cnico de los guerreros del Guarapiche. El profe har\u00e1 su debut este domingo ante Caracas FC en el estadio Monumental de Matur\u00edn.<\/p>\n","protected":false},"excerpt":{"rendered":"<p>Oswaldo V\u00edvenes \/ Prensa Monagas Sport Club. \u2013 Jos\u00e9 Francisco \u2018\u2018Pat\u00f3n\u2019\u2019 Gonz\u00e1lez fue presentado este martes como el nuevo director t\u00e9cnico del Monagas Sport Club a partir de la jornada 9 del Torneo Apertura 2016. El Cnel. Gonz\u00e1lez Esp\u00edn asegur\u00f3 que se decidi\u00f3 por su capacidad y disposici\u00f3n de trabajo. \u201cNos decidimos por \u2018Pat\u00f3n\u2019 porque &#8230;<\/p>\n","protected":false},"author":4,"featured_media":25626,"comment_status":"closed","ping_status":"closed","sticky":false,"template":"","format":"standard","meta":{"footnotes":""},"categories":[752,5,16,31],"tags":[],"class_list":["post-25627","post","type-post","status-publish","format-standard","has-post-thumbnail","hentry","category-appgd","category-futbol-nacional","category-monagas-sc","category-primera-division"],"_links":{"self":[{"href":"http:\/\/gradadigital.com\/home\/wp-json\/wp\/v2\/posts\/25627","targetHints":{"allow":["GET"]}}],"collection":[{"href":"http:\/\/gradadigital.com\/home\/wp-json\/wp\/v2\/posts"}],"about":[{"href":"http:\/\/gradadigital.com\/home\/wp-json\/wp\/v2\/types\/post"}],"author":[{"embeddable":true,"href":"http:\/\/gradadigital.com\/home\/wp-json\/wp\/v2\/users\/4"}],"replies":[{"embeddable":true,"href":"http:\/\/gradadigital.com\/home\/wp-json\/wp\/v2\/comments?post=25627"}],"version-history":[{"count":1,"href":"http:\/\/gradadigital.com\/home\/wp-json\/wp\/v2\/posts\/25627\/revisions"}],"predecessor-version":[{"id":25628,"href":"http:\/\/gradadigital.com\/home\/wp-json\/wp\/v2\/posts\/25627\/revisions\/25628"}],"wp:featuredmedia":[{"embeddable":true,"href":"http:\/\/gradadigital.com\/home\/wp-json\/wp\/v2\/media\/25626"}],"wp:attachment":[{"href":"http:\/\/gradadigital.com\/home\/wp-json\/wp\/v2\/media?parent=25627"}],"wp:term":[{"taxonomy":"category","embeddable":true,"href":"http:\/\/gradadigital.com\/home\/wp-json\/wp\/v2\/categories?post=25627"},{"taxonomy":"post_tag","embeddable":true,"href":"http:\/\/gradadigital.com\/home\/wp-json\/wp\/v2\/tags?post=25627"}],"curies":[{"name":"wp","href":"https:\/\/api.w.org\/{rel}","templated":true}]}}