{"id":25620,"date":"2016-03-08T22:25:52","date_gmt":"2016-03-09T02:55:52","guid":{"rendered":"http:\/\/gradadigital.com\/home\/?p=25620"},"modified":"2016-03-08T22:27:35","modified_gmt":"2016-03-09T02:57:35","slug":"ronald-vargas-es-el-jugador-que-mas-extrana-la-aficion-en-la-convocatoria","status":"publish","type":"post","link":"http:\/\/gradadigital.com\/home\/ronald-vargas-es-el-jugador-que-mas-extrana-la-aficion-en-la-convocatoria\/","title":{"rendered":"Ronald Vargas es el jugador que m\u00e1s extra\u00f1a la afici\u00f3n en la convocatoria"},"content":{"rendered":"<p style=\"text-align: center;\"><img loading=\"lazy\" decoding=\"async\" class=\"alignnone size-full wp-image-24508\" src=\"http:\/\/gradadigital.com\/home\/wp-content\/uploads\/2016\/02\/ronald_vargas_aek_olympiacos_13022016.jpg\" alt=\"ronald_vargas_aek_olympiacos_13022016\" width=\"682\" height=\"455\" srcset=\"http:\/\/gradadigital.com\/home\/wp-content\/uploads\/2016\/02\/ronald_vargas_aek_olympiacos_13022016.jpg 682w, http:\/\/gradadigital.com\/home\/wp-content\/uploads\/2016\/02\/ronald_vargas_aek_olympiacos_13022016-300x200.jpg 300w\" sizes=\"auto, (max-width: 682px) 100vw, 682px\" \/><\/p>\n<p style=\"text-align: justify;\"><strong>GradaDigital.com &#8211;<\/strong> En una encuesta realizada a trav\u00e9s de nuestra cuenta Oficial en Twitter (@gradadigital), nuestros lectores aseguraron que el jugador que m\u00e1s extra\u00f1ar\u00e1n dentro de la lista de convocados, es el jugador del AEK de Atenas, Ronald Vargas.<\/p>\n<p style=\"text-align: justify;\">Con una votaci\u00f3n que represent\u00f3 <strong>el 45% de los votos, Vargas qued\u00f3 seleccionado como el jugador que m\u00e1s deseaban los aficionados para que estuviese en la lista de convocados Vinotinto<\/strong>. Muy cerca de \u00e9l se encontr\u00f3 Christian Santos con un 41%, mientras que Alejandro Guerra del Atl\u00e9tico Nacional fue votado por el 10%. El 4% restante prefer\u00eda otra opci\u00f3n.<\/p>\n<p style=\"text-align: justify;\">Ronald Vargas recientemente asegur\u00f3 que \u00abera de esperarse que no me convocaran. Son decisiones del t\u00e9cnico y uno tiene que respetarlas, fue algo que no me sorprendi\u00f3 desde un principio por la falta de confianza que sent\u00ed en los \u00faltimos partidos, lo que si sorprende es por la actualidad que estoy viviendo en mi club\u00bb.<\/p>\n<blockquote class=\"twitter-tweet\" data-lang=\"es\">\n<p dir=\"ltr\" lang=\"es\">\u00bfQu\u00e9 jugador crees que falt\u00f3 en la lista de convocados <a href=\"https:\/\/twitter.com\/hashtag\/Vinotinto?src=hash\">#Vinotinto<\/a>?. Los convocados aqu\u00ed: <a href=\"https:\/\/t.co\/Jg2RetU8RK\">https:\/\/t.co\/Jg2RetU8RK<\/a><\/p>\n<p>\u2014 Grada Digital (@GradaDigital) <a href=\"https:\/\/twitter.com\/GradaDigital\/status\/706897011434528768\">7 de marzo de 2016<\/a><\/p><\/blockquote>\n<p><script src=\"\/\/platform.twitter.com\/widgets.js\" async=\"\" charset=\"utf-8\"><\/script><\/p>\n","protected":false},"excerpt":{"rendered":"<p>GradaDigital.com &#8211; En una encuesta realizada a trav\u00e9s de nuestra cuenta Oficial en Twitter (@gradadigital), nuestros lectores aseguraron que el jugador que m\u00e1s extra\u00f1ar\u00e1n dentro de la lista de convocados, es el jugador del AEK de Atenas, Ronald Vargas. Con una votaci\u00f3n que represent\u00f3 el 45% de los votos, Vargas qued\u00f3 seleccionado como el jugador &#8230;<\/p>\n","protected":false},"author":4,"featured_media":24508,"comment_status":"closed","ping_status":"closed","sticky":false,"template":"","format":"standard","meta":{"footnotes":""},"categories":[752,4,40,3],"tags":[],"class_list":["post-25620","post","type-post","status-publish","format-standard","has-post-thumbnail","hentry","category-appgd","category-legionarios","category-seleccion-nacional-mayores","category-seleccion-nacional"],"_links":{"self":[{"href":"http:\/\/gradadigital.com\/home\/wp-json\/wp\/v2\/posts\/25620","targetHints":{"allow":["GET"]}}],"collection":[{"href":"http:\/\/gradadigital.com\/home\/wp-json\/wp\/v2\/posts"}],"about":[{"href":"http:\/\/gradadigital.com\/home\/wp-json\/wp\/v2\/types\/post"}],"author":[{"embeddable":true,"href":"http:\/\/gradadigital.com\/home\/wp-json\/wp\/v2\/users\/4"}],"replies":[{"embeddable":true,"href":"http:\/\/gradadigital.com\/home\/wp-json\/wp\/v2\/comments?post=25620"}],"version-history":[{"count":4,"href":"http:\/\/gradadigital.com\/home\/wp-json\/wp\/v2\/posts\/25620\/revisions"}],"predecessor-version":[{"id":25624,"href":"http:\/\/gradadigital.com\/home\/wp-json\/wp\/v2\/posts\/25620\/revisions\/25624"}],"wp:featuredmedia":[{"embeddable":true,"href":"http:\/\/gradadigital.com\/home\/wp-json\/wp\/v2\/media\/24508"}],"wp:attachment":[{"href":"http:\/\/gradadigital.com\/home\/wp-json\/wp\/v2\/media?parent=25620"}],"wp:term":[{"taxonomy":"category","embeddable":true,"href":"http:\/\/gradadigital.com\/home\/wp-json\/wp\/v2\/categories?post=25620"},{"taxonomy":"post_tag","embeddable":true,"href":"http:\/\/gradadigital.com\/home\/wp-json\/wp\/v2\/tags?post=25620"}],"curies":[{"name":"wp","href":"https:\/\/api.w.org\/{rel}","templated":true}]}}