{"id":25613,"date":"2016-03-08T13:15:53","date_gmt":"2016-03-08T17:45:53","guid":{"rendered":"http:\/\/gradadigital.com\/home\/?p=25613"},"modified":"2016-03-08T13:15:53","modified_gmt":"2016-03-08T17:45:53","slug":"rafael-esquivel-se-declaro-inocente","status":"publish","type":"post","link":"http:\/\/gradadigital.com\/home\/rafael-esquivel-se-declaro-inocente\/","title":{"rendered":"Rafael Esquivel se declar\u00f3 inocente"},"content":{"rendered":"<p style=\"text-align: center;\"><a href=\"http:\/\/gradadigital.com\/home\/wp-content\/uploads\/2014\/02\/rafael_esquivel_07022014.jpg\" rel=\"attachment wp-att-8785\"><img loading=\"lazy\" decoding=\"async\" class=\"alignnone size-full wp-image-8785\" src=\"http:\/\/gradadigital.com\/home\/wp-content\/uploads\/2014\/02\/rafael_esquivel_07022014.jpg\" alt=\"rafael_esquivel_07022014\" width=\"596\" height=\"346\" srcset=\"http:\/\/gradadigital.com\/home\/wp-content\/uploads\/2014\/02\/rafael_esquivel_07022014.jpg 596w, http:\/\/gradadigital.com\/home\/wp-content\/uploads\/2014\/02\/rafael_esquivel_07022014-300x174.jpg 300w\" sizes=\"auto, (max-width: 596px) 100vw, 596px\" \/><\/a><\/p>\n<p style=\"text-align: justify;\"><strong>AFP &#8211;<\/strong> El venezolano Rafael Esquivel, exdirigente de la FIFA acusado de corrupci\u00f3n por las autoridades estadounidenses, se declar\u00f3 inocente el martes de los cargos en su contra ante un juez Nueva York y qued\u00f3 detenido, constat\u00f3 la AFP.<\/p>\n<p style=\"text-align: justify;\">Expresidente de la Federaci\u00f3n Venezolana y exvicepresidente de la Confederaci\u00f3n Sudamericana (Conmebol), Esquivel fue extraditado el lunes desde Z\u00farich (Suiza), donde hab\u00eda sido arrestado el pasado 27 de mayo, y presentado ante el juez federal Raymond Dearie en los tribunales de Brookyln.<\/p>\n","protected":false},"excerpt":{"rendered":"<p>AFP &#8211; El venezolano Rafael Esquivel, exdirigente de la FIFA acusado de corrupci\u00f3n por las autoridades estadounidenses, se declar\u00f3 inocente el martes de los cargos en su contra ante un juez Nueva York y qued\u00f3 detenido, constat\u00f3 la AFP. Expresidente de la Federaci\u00f3n Venezolana y exvicepresidente de la Confederaci\u00f3n Sudamericana (Conmebol), Esquivel fue extraditado el &#8230;<\/p>\n","protected":false},"author":4,"featured_media":8785,"comment_status":"closed","ping_status":"closed","sticky":false,"template":"","format":"standard","meta":{"footnotes":""},"categories":[752,5,3],"tags":[],"class_list":["post-25613","post","type-post","status-publish","format-standard","has-post-thumbnail","hentry","category-appgd","category-futbol-nacional","category-seleccion-nacional"],"_links":{"self":[{"href":"http:\/\/gradadigital.com\/home\/wp-json\/wp\/v2\/posts\/25613","targetHints":{"allow":["GET"]}}],"collection":[{"href":"http:\/\/gradadigital.com\/home\/wp-json\/wp\/v2\/posts"}],"about":[{"href":"http:\/\/gradadigital.com\/home\/wp-json\/wp\/v2\/types\/post"}],"author":[{"embeddable":true,"href":"http:\/\/gradadigital.com\/home\/wp-json\/wp\/v2\/users\/4"}],"replies":[{"embeddable":true,"href":"http:\/\/gradadigital.com\/home\/wp-json\/wp\/v2\/comments?post=25613"}],"version-history":[{"count":1,"href":"http:\/\/gradadigital.com\/home\/wp-json\/wp\/v2\/posts\/25613\/revisions"}],"predecessor-version":[{"id":25614,"href":"http:\/\/gradadigital.com\/home\/wp-json\/wp\/v2\/posts\/25613\/revisions\/25614"}],"wp:featuredmedia":[{"embeddable":true,"href":"http:\/\/gradadigital.com\/home\/wp-json\/wp\/v2\/media\/8785"}],"wp:attachment":[{"href":"http:\/\/gradadigital.com\/home\/wp-json\/wp\/v2\/media?parent=25613"}],"wp:term":[{"taxonomy":"category","embeddable":true,"href":"http:\/\/gradadigital.com\/home\/wp-json\/wp\/v2\/categories?post=25613"},{"taxonomy":"post_tag","embeddable":true,"href":"http:\/\/gradadigital.com\/home\/wp-json\/wp\/v2\/tags?post=25613"}],"curies":[{"name":"wp","href":"https:\/\/api.w.org\/{rel}","templated":true}]}}