{"id":25386,"date":"2016-03-04T22:30:55","date_gmt":"2016-03-05T03:00:55","guid":{"rendered":"http:\/\/gradadigital.com\/home\/?p=25386"},"modified":"2016-03-05T08:44:20","modified_gmt":"2016-03-05T13:14:20","slug":"conoce-los-primeros-convocados-a-la-vinotinto-para-enfrentar-a-peru-y-chile","status":"publish","type":"post","link":"http:\/\/gradadigital.com\/home\/conoce-los-primeros-convocados-a-la-vinotinto-para-enfrentar-a-peru-y-chile\/","title":{"rendered":"Conoce los primeros convocados a la Vinotinto para enfrentar a Per\u00fa y Chile"},"content":{"rendered":"<p style=\"text-align: center;\"><img loading=\"lazy\" decoding=\"async\" class=\"alignnone size-full wp-image-25391\" src=\"http:\/\/gradadigital.com\/home\/wp-content\/uploads\/2016\/03\/yeferson_soteldo_angel_faria_venezuela_costarica_02022016.jpg\" alt=\"yeferson_soteldo_angel_faria_venezuela_costarica_02022016\" width=\"682\" height=\"455\" srcset=\"http:\/\/gradadigital.com\/home\/wp-content\/uploads\/2016\/03\/yeferson_soteldo_angel_faria_venezuela_costarica_02022016.jpg 682w, http:\/\/gradadigital.com\/home\/wp-content\/uploads\/2016\/03\/yeferson_soteldo_angel_faria_venezuela_costarica_02022016-300x200.jpg 300w\" sizes=\"auto, (max-width: 682px) 100vw, 682px\" \/><\/p>\n<p style=\"text-align: justify;\"><strong>GradaDigital.com &#8211;<\/strong> La Selecci\u00f3n Nacional de Venezuela tendr\u00e1 sus pr\u00f3ximos compromisos por la Eliminatoria ante Per\u00fa (24 de marzo) y Chile (29 de marzo), por lo que en los pr\u00f3ximos d\u00edas la jefatura de Prensa de la Selecci\u00f3n de Mayores deber\u00eda confirmar a los convocados para los respectivos encuentros.<\/p>\n<p style=\"text-align: justify;\">Por los momentos, <strong>hay clubes venezolanos que han anunciado a los jugadores de sus instituciones que han sido llamados por Noel Sanvicente, los cuales fueron dados a conocer a trav\u00e9s de las redes oficiales de dichos equipos<\/strong>.<\/p>\n<p style=\"text-align: justify;\"><strong>Hasta el momento estos son los jugadores anunciados:<\/strong><\/p>\n<p style=\"padding-left: 30px; text-align: justify;\">&#8211; Yeferson Soteldo (Zamora FC)<br \/>\n&#8211; \u00c1ngel Far\u00eda (Zamora FC)<br \/>\n&#8211; Arles Flores (Zamora FC)<br \/>\n&#8211; Richard Blanco (Mineros de Guayana)<\/p>\n<blockquote class=\"twitter-tweet\" data-lang=\"es\">\n<p dir=\"ltr\" lang=\"es\"><a href=\"https:\/\/twitter.com\/hashtag\/Vinotinto?src=hash\">#Vinotinto<\/a> | Flores, Far\u00eda y Soteldo dir\u00e1n presente en los partidos ante Per\u00fa (24\/03) y Chile en <a href=\"https:\/\/twitter.com\/hashtag\/Barinas?src=hash\">#Barinas<\/a> (29\/03).\u26bd&#x1f44f; <a href=\"https:\/\/t.co\/Nzu259f2m8\">pic.twitter.com\/Nzu259f2m8<\/a><\/p>\n<p>\u2014 Zamora F\u00fatbol Club (@ZamoraFutbolC) <a href=\"https:\/\/twitter.com\/ZamoraFutbolC\/status\/705932188945162240\">5 de marzo de 2016<\/a><\/p><\/blockquote>\n<p><script src=\"\/\/platform.twitter.com\/widgets.js\" async=\"\" charset=\"utf-8\"><\/script><\/p>\n<blockquote class=\"twitter-tweet\" data-lang=\"es\"><p>\n<a href=\"https:\/\/twitter.com\/richardblanco9\">@richardblanco9<\/a> fue convocado por la <a href=\"https:\/\/twitter.com\/SeleVinotinto\">@SeleVinotinto<\/a> para los partidos contra Per\u00fa y Chile &#x1f4aa;&#x1f3fc;&#x1f51d; <a href=\"https:\/\/twitter.com\/hashtag\/VamosMineros?src=hash\">#VamosMineros<\/a> \u26ab\ufe0f&#x1f535;\u26bd\ufe0f <a href=\"https:\/\/t.co\/iP4QjAwPgp\">pic.twitter.com\/iP4QjAwPgp<\/a><\/p>\n<p>\u2014 Mineros de Guayana (@ACCDMinerosdeG) <a href=\"https:\/\/twitter.com\/ACCDMinerosdeG\/status\/705835730044592129\">4 de marzo de 2016<\/a>\n<\/p><\/blockquote>\n<p><script src=\"\/\/platform.twitter.com\/widgets.js\" async=\"\" charset=\"utf-8\"><\/script><\/p>\n","protected":false},"excerpt":{"rendered":"<p>GradaDigital.com &#8211; La Selecci\u00f3n Nacional de Venezuela tendr\u00e1 sus pr\u00f3ximos compromisos por la Eliminatoria ante Per\u00fa (24 de marzo) y Chile (29 de marzo), por lo que en los pr\u00f3ximos d\u00edas la jefatura de Prensa de la Selecci\u00f3n de Mayores deber\u00eda confirmar a los convocados para los respectivos encuentros. Por los momentos, hay clubes venezolanos &#8230;<\/p>\n","protected":false},"author":4,"featured_media":24226,"comment_status":"closed","ping_status":"closed","sticky":false,"template":"","format":"standard","meta":{"footnotes":""},"categories":[752,15,1878,40,3,21],"tags":[],"class_list":["post-25386","post","type-post","status-publish","format-standard","has-post-thumbnail","hentry","category-appgd","category-mineros-de-guayana","category-rusia-2018","category-seleccion-nacional-mayores","category-seleccion-nacional","category-zamora-fc"],"_links":{"self":[{"href":"http:\/\/gradadigital.com\/home\/wp-json\/wp\/v2\/posts\/25386","targetHints":{"allow":["GET"]}}],"collection":[{"href":"http:\/\/gradadigital.com\/home\/wp-json\/wp\/v2\/posts"}],"about":[{"href":"http:\/\/gradadigital.com\/home\/wp-json\/wp\/v2\/types\/post"}],"author":[{"embeddable":true,"href":"http:\/\/gradadigital.com\/home\/wp-json\/wp\/v2\/users\/4"}],"replies":[{"embeddable":true,"href":"http:\/\/gradadigital.com\/home\/wp-json\/wp\/v2\/comments?post=25386"}],"version-history":[{"count":7,"href":"http:\/\/gradadigital.com\/home\/wp-json\/wp\/v2\/posts\/25386\/revisions"}],"predecessor-version":[{"id":25401,"href":"http:\/\/gradadigital.com\/home\/wp-json\/wp\/v2\/posts\/25386\/revisions\/25401"}],"wp:featuredmedia":[{"embeddable":true,"href":"http:\/\/gradadigital.com\/home\/wp-json\/wp\/v2\/media\/24226"}],"wp:attachment":[{"href":"http:\/\/gradadigital.com\/home\/wp-json\/wp\/v2\/media?parent=25386"}],"wp:term":[{"taxonomy":"category","embeddable":true,"href":"http:\/\/gradadigital.com\/home\/wp-json\/wp\/v2\/categories?post=25386"},{"taxonomy":"post_tag","embeddable":true,"href":"http:\/\/gradadigital.com\/home\/wp-json\/wp\/v2\/tags?post=25386"}],"curies":[{"name":"wp","href":"https:\/\/api.w.org\/{rel}","templated":true}]}}