{"id":25326,"date":"2016-03-03T21:54:36","date_gmt":"2016-03-04T02:24:36","guid":{"rendered":"http:\/\/gradadigital.com\/home\/?p=25326"},"modified":"2016-03-03T21:54:36","modified_gmt":"2016-03-04T02:24:36","slug":"fotos-lujano-puso-el-triunfo-aurinegro-ante-petare","status":"publish","type":"post","link":"http:\/\/gradadigital.com\/home\/fotos-lujano-puso-el-triunfo-aurinegro-ante-petare\/","title":{"rendered":"+FOTOS | Lujano puso el triunfo \u00abAurinegro\u00bb ante Petare"},"content":{"rendered":"<p style=\"text-align: center;\"><img loading=\"lazy\" decoding=\"async\" class=\"alignnone size-full wp-image-25330\" src=\"http:\/\/gradadigital.com\/home\/wp-content\/uploads\/2016\/03\/carlos_lujano_petare_tachira_03032016_2.jpg\" alt=\"carlos_lujano_petare_tachira_03032016_2\" width=\"682\" height=\"455\" srcset=\"http:\/\/gradadigital.com\/home\/wp-content\/uploads\/2016\/03\/carlos_lujano_petare_tachira_03032016_2.jpg 682w, http:\/\/gradadigital.com\/home\/wp-content\/uploads\/2016\/03\/carlos_lujano_petare_tachira_03032016_2-300x200.jpg 300w\" sizes=\"auto, (max-width: 682px) 100vw, 682px\" \/><\/p>\n<p style=\"text-align: justify;\"><strong>Javier Joves \/ Prensa Deportivo T\u00e1chira &#8211;\u00a0<\/strong>T\u00e1chira lo volvi\u00f3 a hacer. Una vez m\u00e1s el Carrusel Aurinegro prendi\u00f3 la celebraci\u00f3n a \u00faltima hora en el Ol\u00edmpico de la Universidad Central de Venezuela. Como en la enmarcada tarde del 93&#8217;10\u00bb, este jueves 03 de marzo la victoria lleg\u00f3 sobre el final. En esta escena, el protagonismo recay\u00f3 en Carlos Lujano, autor del \u00fanico gol en la ya noche capitalina.<\/p>\n<p style=\"text-align: justify;\">El cierre de la s\u00e9ptima jornada del Torneo Apertura 2016 ante el Petare F.C. depar\u00f3 un compromiso de mucho coraje y sacrificio, valores sustitutivos del buen f\u00fatbol que se hizo imposible en el deplorable terreno del escenario patrimonio hist\u00f3rico de la humanidad.<\/p>\n<p style=\"text-align: justify;\">El triunfo del Aurinegro refrend\u00f3 la m\u00edstica del equipo de Carlos Maldonado que nunca dej\u00f3 de luchar, hasta conseguir el cometido: ganar y continuar la escalada hasta las posiciones de honor. Afianzado en la tercera casilla, la maquinaria atigrada sigue en subida.<\/p>\n<p style=\"text-align: center;\"><img loading=\"lazy\" decoding=\"async\" class=\"alignnone size-full wp-image-25331\" src=\"http:\/\/gradadigital.com\/home\/wp-content\/uploads\/2016\/03\/carlos_lujano_petare_tachira_03032016_1.jpg\" alt=\"carlos_lujano_petare_tachira_03032016_1\" width=\"682\" height=\"455\" srcset=\"http:\/\/gradadigital.com\/home\/wp-content\/uploads\/2016\/03\/carlos_lujano_petare_tachira_03032016_1.jpg 682w, http:\/\/gradadigital.com\/home\/wp-content\/uploads\/2016\/03\/carlos_lujano_petare_tachira_03032016_1-300x200.jpg 300w\" sizes=\"auto, (max-width: 682px) 100vw, 682px\" \/><\/p>\n<p style=\"text-align: justify;\"><strong>Victoria de orden y oficio<\/strong><\/p>\n<p style=\"text-align: justify;\">La ganancia, nuevamente, comenz\u00f3 a gestarse desde el fondo con el tercer cero consecutivo librado por la defensa, que en esta ocasi\u00f3n adem\u00e1s del goleador Lujano, tuvo a los habituales \u00c1ngel, Mart\u00ednez y Mosquera. Cerme\u00f1o y el juvenil Jhonny Monsalve, cumplieron el doble trabajo en el interior de la mediacancha.<\/p>\n<p style=\"text-align: justify;\">La ofensiva, siempre activa e incesante, tuvo como punta de lanza a Herrera, respaldado por un movedizo Reyes que hizo trabajar de m\u00e1s a la zaga petare\u00f1a. Detr\u00e1s de ellos, los due\u00f1os de las ideas, Rojas y Moreno gravitaron la zona en procura del gol. Para respaldarlos, en la idea siempre ofensiva de Maldonado, ingresaron con altas energ\u00edas y mente fresca P\u00e9rez Greco, Daniel Febles y &#8216;Tico&#8217; P\u00e9rez. El orden prevaleci\u00f3 y condujo al triunfo.<\/p>\n<p style=\"text-align: justify;\">La fiesta en la tribuna, con notable mayor\u00eda tachirense, que muchos auguraron por intermedio de &#8216;Zurdo&#8217; Rojas, cuando corearon su seud\u00f3nimo al 84&#8242; en la ejecuci\u00f3n de un tiro libre que se fue cerca; llegar\u00eda cortes\u00eda del lateral Carlos Lujano, quien con viveza caz\u00f3 un bal\u00f3n en el \u00e1rea rival y decret\u00f3 la ventaja. Fue al 87&#8242;, de ah\u00ed en m\u00e1s, T\u00e1chira solo amarr\u00f3 los puntos y los sell\u00f3 con destino a San Crist\u00f3bal.<\/p>\n<p style=\"text-align: justify;\">Tercer lauro en fila para el Campe\u00f3n de Venezuela, que regresa este viernes a su feudo apoderado de la tercera casilla de la clasificaci\u00f3n con 15 puntos (tres menos que el l\u00edder transitorio con un juego m\u00e1s disputado), y en el panorama un nuevo reto: hacer de local ante Carabobo F.C. este domingo 6 de marzo en Pueblo Nuevo, en el marco de la octava fecha del Apertura 2016.<\/p>\n<p style=\"text-align: justify;\"><strong>Ficha T\u00e9cnica:<\/strong><\/p>\n<p style=\"text-align: justify;\"><strong>Petare F.C. (0): <\/strong>\u00c1ngel Hern\u00e1ndez, Juan Pablo Zuluaga, Arqu\u00edmides Hern\u00e1ndez, Gabriel Ben\u00edtez, Dinarte Pita, Guillermo Ram\u00edrez, Alejandro Valdeperas (C) (Jhonny Sosa 73\u00b4), Francisco Aristeguieta, Rafael Arace (David Delgado 82\u00b4), Eduardo Castro (Guillermo Fern\u00e1ndez 60\u00b4), Sergio Golindano. DT: Enrique Garc\u00eda.<\/p>\n<p style=\"text-align: justify;\">Suplentes sin jugar: Mervin Cuello, Henry Alzolay, Santiago Salinas, Andr\u00e9s Gonz\u00e1lez.<\/p>\n<p style=\"text-align: justify;\"><strong>Deportivo T\u00e1chira F.C. (1): <\/strong>Jos\u00e9 Contreras, Carlos Lujano, Wilker \u00c1ngel, Williams Mart\u00ednez, Yuber Mosquera, Jhonny Monsalve, Carlos Cerme\u00f1o (H\u00e9ctor P\u00e9rez 85\u00b4), Marcelo Moreno (Daniel Febles 73\u00b4), Jorge Rojas (C), Jos\u00e9 Miguel Reyes, Sergio Herrera (Edgar P\u00e9rez Greco 55\u00b4). DT: Carlos Maldonado.<\/p>\n<p style=\"text-align: justify;\">Suplentes sin jugar: Rafael S\u00e1nchez, Pablo Camacho, Juan Carlos Mora, Samuel Sosa.<\/p>\n<p style=\"text-align: justify;\"><strong>Gol: <\/strong>Carlos Lujano 87\u00b4 (T\u00e1chira).<\/p>\n<p style=\"text-align: justify;\"><strong>Amonestados: <\/strong>Gabriel Ben\u00edtez 87\u00b4 (Petare); Jos\u00e9 Miguel Reyes 90+3\u00b4 (T\u00e1chira).<\/p>\n<p style=\"text-align: justify;\"><strong>\u00c1rbitro principal: <\/strong>Ram\u00f3n Ortega (Portuguesa).<\/p>\n<p style=\"text-align: justify;\"><strong>\u00c1rbitros asistentes: <\/strong>Wilmer Avenda\u00f1o (Portuguesa), Antonio Mora (Portuguesa), Nelson C\u00e1rdenas (Miranda).<\/p>\n<p style=\"text-align: justify;\"><strong>Estadio: <\/strong>Ol\u00edmpico UCV, Caracas, Distrito Capital.<\/p>\n<p style=\"text-align: justify;\"><strong>Hora: <\/strong>5:15pm.<\/p>\n<p style=\"text-align: justify;\"><strong>Incidencias: <\/strong>Jornada 7. Torneo Apertura 2016, Primera Divisi\u00f3n de Venezuela.<\/p>\n<p style=\"text-align: center;\"><strong>FOTOS<\/strong><\/p>\n<p style=\"text-align: center;\"><img loading=\"lazy\" decoding=\"async\" class=\"alignnone size-full wp-image-25328\" src=\"http:\/\/gradadigital.com\/home\/wp-content\/uploads\/2016\/03\/jorge_rojas_petare_tachira_03032016.jpg\" alt=\"jorge_rojas_petare_tachira_03032016\" width=\"682\" height=\"455\" srcset=\"http:\/\/gradadigital.com\/home\/wp-content\/uploads\/2016\/03\/jorge_rojas_petare_tachira_03032016.jpg 682w, http:\/\/gradadigital.com\/home\/wp-content\/uploads\/2016\/03\/jorge_rojas_petare_tachira_03032016-300x200.jpg 300w\" sizes=\"auto, (max-width: 682px) 100vw, 682px\" \/><\/p>\n<p style=\"text-align: center;\"><img loading=\"lazy\" decoding=\"async\" class=\"alignnone size-full wp-image-25327\" src=\"http:\/\/gradadigital.com\/home\/wp-content\/uploads\/2016\/03\/edgar_perez_greco_petare_tachira_03032016.jpg\" alt=\"edgar_perez_greco_petare_tachira_03032016\" width=\"682\" height=\"455\" srcset=\"http:\/\/gradadigital.com\/home\/wp-content\/uploads\/2016\/03\/edgar_perez_greco_petare_tachira_03032016.jpg 682w, http:\/\/gradadigital.com\/home\/wp-content\/uploads\/2016\/03\/edgar_perez_greco_petare_tachira_03032016-300x200.jpg 300w\" sizes=\"auto, (max-width: 682px) 100vw, 682px\" \/><\/p>\n<p style=\"text-align: center;\"><img loading=\"lazy\" decoding=\"async\" class=\"alignnone size-full wp-image-25329\" src=\"http:\/\/gradadigital.com\/home\/wp-content\/uploads\/2016\/03\/carlos_lujano_petare_tachira_03032016_3.jpg\" alt=\"carlos_lujano_petare_tachira_03032016_3\" width=\"682\" height=\"455\" srcset=\"http:\/\/gradadigital.com\/home\/wp-content\/uploads\/2016\/03\/carlos_lujano_petare_tachira_03032016_3.jpg 682w, http:\/\/gradadigital.com\/home\/wp-content\/uploads\/2016\/03\/carlos_lujano_petare_tachira_03032016_3-300x200.jpg 300w\" sizes=\"auto, (max-width: 682px) 100vw, 682px\" \/><\/p>\n","protected":false},"excerpt":{"rendered":"<p>Javier Joves \/ Prensa Deportivo T\u00e1chira &#8211;\u00a0T\u00e1chira lo volvi\u00f3 a hacer. Una vez m\u00e1s el Carrusel Aurinegro prendi\u00f3 la celebraci\u00f3n a \u00faltima hora en el Ol\u00edmpico de la Universidad Central de Venezuela. Como en la enmarcada tarde del 93&#8217;10\u00bb, este jueves 03 de marzo la victoria lleg\u00f3 sobre el final. En esta escena, el protagonismo &#8230;<\/p>\n","protected":false},"author":4,"featured_media":25330,"comment_status":"closed","ping_status":"closed","sticky":false,"template":"","format":"standard","meta":{"footnotes":""},"categories":[43,752,23,11,5,31],"tags":[],"class_list":["post-25326","post","type-post","status-publish","format-standard","has-post-thumbnail","hentry","category-fotos","category-appgd","category-deportivo-petare","category-deportivo-tachira","category-futbol-nacional","category-primera-division"],"_links":{"self":[{"href":"http:\/\/gradadigital.com\/home\/wp-json\/wp\/v2\/posts\/25326","targetHints":{"allow":["GET"]}}],"collection":[{"href":"http:\/\/gradadigital.com\/home\/wp-json\/wp\/v2\/posts"}],"about":[{"href":"http:\/\/gradadigital.com\/home\/wp-json\/wp\/v2\/types\/post"}],"author":[{"embeddable":true,"href":"http:\/\/gradadigital.com\/home\/wp-json\/wp\/v2\/users\/4"}],"replies":[{"embeddable":true,"href":"http:\/\/gradadigital.com\/home\/wp-json\/wp\/v2\/comments?post=25326"}],"version-history":[{"count":1,"href":"http:\/\/gradadigital.com\/home\/wp-json\/wp\/v2\/posts\/25326\/revisions"}],"predecessor-version":[{"id":25332,"href":"http:\/\/gradadigital.com\/home\/wp-json\/wp\/v2\/posts\/25326\/revisions\/25332"}],"wp:featuredmedia":[{"embeddable":true,"href":"http:\/\/gradadigital.com\/home\/wp-json\/wp\/v2\/media\/25330"}],"wp:attachment":[{"href":"http:\/\/gradadigital.com\/home\/wp-json\/wp\/v2\/media?parent=25326"}],"wp:term":[{"taxonomy":"category","embeddable":true,"href":"http:\/\/gradadigital.com\/home\/wp-json\/wp\/v2\/categories?post=25326"},{"taxonomy":"post_tag","embeddable":true,"href":"http:\/\/gradadigital.com\/home\/wp-json\/wp\/v2\/tags?post=25326"}],"curies":[{"name":"wp","href":"https:\/\/api.w.org\/{rel}","templated":true}]}}