{"id":24878,"date":"2016-02-24T22:50:18","date_gmt":"2016-02-25T03:20:18","guid":{"rendered":"http:\/\/gradadigital.com\/home\/?p=24878"},"modified":"2016-02-24T22:50:18","modified_gmt":"2016-02-25T03:20:18","slug":"audio-antonio-franco-queremos-seguir-consolidandonos-como-equipo","status":"publish","type":"post","link":"http:\/\/gradadigital.com\/home\/audio-antonio-franco-queremos-seguir-consolidandonos-como-equipo\/","title":{"rendered":"+AUDIO| Antonio Franco: \u201cQueremos seguir consolid\u00e1ndonos como equipo\u201d"},"content":{"rendered":"<p><a href=\"http:\/\/gradadigital.com\/home\/wp-content\/uploads\/2016\/02\/antonio_franco_caracas_huracan_09022016.jpg\" rel=\"attachment wp-att-24366\"><img loading=\"lazy\" decoding=\"async\" class=\"alignnone size-full wp-image-24366\" src=\"http:\/\/gradadigital.com\/home\/wp-content\/uploads\/2016\/02\/antonio_franco_caracas_huracan_09022016.jpg\" alt=\"antonio_franco_caracas_huracan_09022016\" width=\"682\" height=\"455\" srcset=\"http:\/\/gradadigital.com\/home\/wp-content\/uploads\/2016\/02\/antonio_franco_caracas_huracan_09022016.jpg 682w, http:\/\/gradadigital.com\/home\/wp-content\/uploads\/2016\/02\/antonio_franco_caracas_huracan_09022016-300x200.jpg 300w\" sizes=\"auto, (max-width: 682px) 100vw, 682px\" \/><\/a><\/p>\n<p style=\"text-align: justify;\"><strong>Kevin Urdaneta Dur\u00e1n,\u00a0PRENSA CFC.<\/strong>&#8211;\u00a0Con el partido ante Zamora FC en Barinas, Caracas F\u00fatbol Club finaliz\u00f3 sus actuaciones oficiales en febrero, mes en el que celebr\u00f3 seis compromisos en 19 d\u00edas, registrando tres victorias, dos empates y un rev\u00e9s, este \u00faltimo en la Copa Bridgestone Libertadores 2016. Balance satisfactorio para el conjunto m\u00e1s ganador del balompi\u00e9 profesional venezolano.<\/p>\n<p style=\"text-align: justify;\">\u201cEs bastante positivo, no hemos perdido en el torneo local, pero m\u00e1s all\u00e1 de eso, es darle importancia a la consolidaci\u00f3n del modelo de juego, de lo que venimos haciendo y nuestra propuesta como equipo; eso es lo que da la tranquilidad de saber que vamos por un buen camino\u201d, asegur\u00f3 el director t\u00e9cnico Antonio Franco, en referencia a lo realizado por los avile\u00f1os en el primer mes de competici\u00f3n bajo su batuta.<\/p>\n<p style=\"text-align: justify;\">Los de la Cota 905 se mantienen invictos en el Apertura y solo han encajado un tanto. El timonel est\u00e1 contento con lo mostrado en la cancha. \u00abNos ha tocado enfrentar a rivales dif\u00edciles, de los cuales hemos podido lograr victorias y empates, sobre todo este partido como una final contra Zamora FC, pero m\u00e1s all\u00e1 del resultado, sabemos que vamos en buena v\u00eda dentro del funcionamiento que queremos de juego\u201d, manifest\u00f3.<\/p>\n<p style=\"text-align: justify;\">El Rojo se ha mostrado fuerte en cada uno de los duelos, sin importar en donde y con quien chocan. \u201cComo equipo no vemos rivales ni canchas, sino seguir en nuestra propuesta, seguir creyendo en lo que estamos haciendo y es lo que nos ha dado resultados. El poder plasmar ese juego que queremos, m\u00e1s all\u00e1 del rival que se nos presente, es poder seguir consolid\u00e1ndonos como equipo y en juego\u201d, revel\u00f3 Franco.<\/p>\n<p style=\"text-align: justify;\">Los capitalinos durar\u00e1n 10 d\u00edas sin jugar, tiempo que aprovechar\u00e1n al m\u00e1ximo para prepararse, afinar todos los detalles de cara al exigente marzo, mes en el que disputar\u00e1n siete desaf\u00edos &#8211; cuatro en condici\u00f3n de visitante y tres en calidad de anfitri\u00f3n &#8211; en 21 d\u00edas.<\/p>\n<p style=\"text-align: justify;\">\u201cAhorita nos toca una semana larga, eso nos ayuda a revitalizarnos, potenciarnos y poder prepararnos para lo que va a ser este andamiaje de mi\u00e9rcoles-domingo-mi\u00e9rcoles, en el que ya hemos demostrado que somos capaces. Hemos podido seguir evolucionando y dentro de lo f\u00edsico, nos hemos mantenido a la altura; solo hay que hacer correcciones para seguir confirmando ese f\u00fatbol que venimos haciendo para lo que ser\u00e1 ese mes tan dif\u00edcil por tantos partidos\u201d, coment\u00f3 Antonio.<\/p>\n<p style=\"text-align: justify;\">Franco aspira alcanzar grandes objetivos comandando a una plantilla de la que se siente satisfecho. \u201cNos sentimos muy identificados, tenemos mucho feedback, me siento orgulloso de lo que ellos vienen haciendo tanto de actitud como de juego. Eso te da a entender que vamos por buen camino, de que el grupo est\u00e1 bien comprometido y quiere lograr cosas importantes dentro del equipo\u201d, cerr\u00f3 el mandam\u00e1s del Caracas F\u00fatbol Club, que volver\u00e1 a la acci\u00f3n el mi\u00e9rcoles 2 de marzo contra Atl\u00e9tico Venezuela en el Estadio Nacional Br\u00edgido Iriarte, donde buscar\u00e1n alcanzar el cuarto triunfo del semestre.<\/p>\n<p style=\"text-align: justify;\"><i>Audio\u00a0de Antonio Franco:\u00a0<\/i><\/p>\n<p><a href=\"https:\/\/soundcloud.com\/caracasfc\/declaraciones-antonio-franco-4\">https:\/\/soundcloud.com\/caracasfc\/declaraciones-antonio-franco-4<\/a><\/p>\n","protected":false},"excerpt":{"rendered":"<p>Kevin Urdaneta Dur\u00e1n,\u00a0PRENSA CFC.&#8211;\u00a0Con el partido ante Zamora FC en Barinas, Caracas F\u00fatbol Club finaliz\u00f3 sus actuaciones oficiales en febrero, mes en el que celebr\u00f3 seis compromisos en 19 d\u00edas, registrando tres victorias, dos empates y un rev\u00e9s, este \u00faltimo en la Copa Bridgestone Libertadores 2016. Balance satisfactorio para el conjunto m\u00e1s ganador del balompi\u00e9 &#8230;<\/p>\n","protected":false},"author":8,"featured_media":24366,"comment_status":"closed","ping_status":"closed","sticky":false,"template":"","format":"standard","meta":{"footnotes":""},"categories":[752,9,5,31],"tags":[],"class_list":["post-24878","post","type-post","status-publish","format-standard","has-post-thumbnail","hentry","category-appgd","category-caracas-fc","category-futbol-nacional","category-primera-division"],"_links":{"self":[{"href":"http:\/\/gradadigital.com\/home\/wp-json\/wp\/v2\/posts\/24878","targetHints":{"allow":["GET"]}}],"collection":[{"href":"http:\/\/gradadigital.com\/home\/wp-json\/wp\/v2\/posts"}],"about":[{"href":"http:\/\/gradadigital.com\/home\/wp-json\/wp\/v2\/types\/post"}],"author":[{"embeddable":true,"href":"http:\/\/gradadigital.com\/home\/wp-json\/wp\/v2\/users\/8"}],"replies":[{"embeddable":true,"href":"http:\/\/gradadigital.com\/home\/wp-json\/wp\/v2\/comments?post=24878"}],"version-history":[{"count":1,"href":"http:\/\/gradadigital.com\/home\/wp-json\/wp\/v2\/posts\/24878\/revisions"}],"predecessor-version":[{"id":24879,"href":"http:\/\/gradadigital.com\/home\/wp-json\/wp\/v2\/posts\/24878\/revisions\/24879"}],"wp:featuredmedia":[{"embeddable":true,"href":"http:\/\/gradadigital.com\/home\/wp-json\/wp\/v2\/media\/24366"}],"wp:attachment":[{"href":"http:\/\/gradadigital.com\/home\/wp-json\/wp\/v2\/media?parent=24878"}],"wp:term":[{"taxonomy":"category","embeddable":true,"href":"http:\/\/gradadigital.com\/home\/wp-json\/wp\/v2\/categories?post=24878"},{"taxonomy":"post_tag","embeddable":true,"href":"http:\/\/gradadigital.com\/home\/wp-json\/wp\/v2\/tags?post=24878"}],"curies":[{"name":"wp","href":"https:\/\/api.w.org\/{rel}","templated":true}]}}