{"id":24875,"date":"2016-02-24T22:24:18","date_gmt":"2016-02-25T02:54:18","guid":{"rendered":"http:\/\/gradadigital.com\/home\/?p=24875"},"modified":"2016-02-24T22:40:29","modified_gmt":"2016-02-25T03:10:29","slug":"rafael-acosta-se-vienen-partidos-importantes-para-nuestras-aspiraciones","status":"publish","type":"post","link":"http:\/\/gradadigital.com\/home\/rafael-acosta-se-vienen-partidos-importantes-para-nuestras-aspiraciones\/","title":{"rendered":"Rafael Acosta: \u201cSe vienen partidos importantes para nuestras  aspiraciones\u201d"},"content":{"rendered":"<p><a href=\"http:\/\/gradadigital.com\/home\/wp-content\/uploads\/2013\/12\/mineros_cdlara_especial_rafael_acosta_15122013_2.jpg\" rel=\"attachment wp-att-7067\"><img loading=\"lazy\" decoding=\"async\" class=\"alignnone size-full wp-image-7067\" src=\"http:\/\/gradadigital.com\/home\/wp-content\/uploads\/2013\/12\/mineros_cdlara_especial_rafael_acosta_15122013_2.jpg\" alt=\"mineros_cdlara_especial_rafael_acosta_15122013_2\" width=\"682\" height=\"396\" srcset=\"http:\/\/gradadigital.com\/home\/wp-content\/uploads\/2013\/12\/mineros_cdlara_especial_rafael_acosta_15122013_2.jpg 682w, http:\/\/gradadigital.com\/home\/wp-content\/uploads\/2013\/12\/mineros_cdlara_especial_rafael_acosta_15122013_2-300x174.jpg 300w\" sizes=\"auto, (max-width: 682px) 100vw, 682px\" \/><\/a><\/p>\n<p style=\"text-align: justify;\"><strong>PRENSA MINEROS DE GUAYANA<\/strong>&#8211;\u00a0Luego de disputar tres partidos en una semana, Mineros de Guayana tendr\u00e1 varios d\u00edas para\u00a0preparar su pr\u00f3ximo partido, este domingo 28 de febrero contra Ure\u00f1a SC, a las 5 de la tarde\u00a0en el CTE Cachamay.\u00a0El volante Rafael Acosta, que viene de disputar los 90 minutos ante Atl\u00e9tico Venezuela,\u00a0declar\u00f3 que el punto conseguido en Caracas servir\u00e1 para impulsar al equipo de cara a la\u00a0seguidilla de juegos que vienen.\u00a0\u201cPienso que estamos mejor que las primeras jornadas y pesar de no poder sumar\u00a0completo, ese punto nos sirvi\u00f3 para tener otra actitud. En corto plazo, afrontaremos a\u00a0tres rivales donde debemos ir con todo para agarrar una racha que nos permita\u00a0meternos en los puestos de arriba\u201d, dijo el dorsal 20 minerista.<\/p>\n<p style=\"text-align: justify;\">Acosta agreg\u00f3 que el grupo est\u00e1 enfocado en descansar mucho y recuperarse para estar\u00a0enfocados en el partido contra los andinos.<\/p>\n<p style=\"text-align: justify;\"><strong>Una preparaci\u00f3n de nivel\u00a0<\/strong><\/p>\n<p style=\"text-align: justify;\">Igualmente, el volante negriazul coment\u00f3 que se siente bien f\u00edsicamente gracias a la\u00a0pretemporada que organiz\u00f3 el cuerpo t\u00e9cnico. \u201cGracias a Dios contamos con una\u00a0preparaci\u00f3n de nivel y en lo personal no he sufrido de fatiga ni lesiones\u201d.\u00a0\u201cNo es f\u00e1cil ir perdiendo 0-3 en casa y buscar el partido durante los 90 minutos, luego\u00a0viajar a Caracas y proponer como lo hicimos, tomando en cuenta que las condiciones\u00a0de la cancha no eran las mejores\u201d, coment\u00f3 Acosta.<\/p>\n<p style=\"text-align: justify;\">Por \u00faltimo, el habilidoso jugador quiso destacar que jugando con un hombre menos la\u00a0jornada pasada, pudieron sumar un punto.<\/p>\n<p style=\"text-align: justify;\"><strong>A disposici\u00f3n<\/strong><\/p>\n<p style=\"text-align: justify;\">Precisamente pensando en el partido del pr\u00f3ximo domingo ante Ure\u00f1a SC, Mineros de\u00a0Guayana podr\u00e1 contar en sus filas con los jugadores Richard Blanco y Francisco Carabal\u00ed,\u00a0quienes est\u00e1n enfocados en aportar para el resurgimiento negriazul en la tabla de posiciones.\u00a0El ariete guaire\u00f1o cumpli\u00f3 el partido de suspensi\u00f3n que ten\u00eda pautado frente Atl\u00e9tico\u00a0Venezuela, mientras que el lateral se recuper\u00f3 de una contractura, por lo que posiblemente\u00a0entrar\u00e1 dentro de la lista de 18 convocados para el cotejo correspondiente a la sexta jornada\u00a0del f\u00fatbol nacional.<\/p>\n","protected":false},"excerpt":{"rendered":"<p>PRENSA MINEROS DE GUAYANA&#8211;\u00a0Luego de disputar tres partidos en una semana, Mineros de Guayana tendr\u00e1 varios d\u00edas para\u00a0preparar su pr\u00f3ximo partido, este domingo 28 de febrero contra Ure\u00f1a SC, a las 5 de la tarde\u00a0en el CTE Cachamay.\u00a0El volante Rafael Acosta, que viene de disputar los 90 minutos ante Atl\u00e9tico Venezuela,\u00a0declar\u00f3 que el punto conseguido &#8230;<\/p>\n","protected":false},"author":8,"featured_media":7067,"comment_status":"closed","ping_status":"closed","sticky":false,"template":"","format":"standard","meta":{"footnotes":""},"categories":[752,5,15,31],"tags":[],"class_list":["post-24875","post","type-post","status-publish","format-standard","has-post-thumbnail","hentry","category-appgd","category-futbol-nacional","category-mineros-de-guayana","category-primera-division"],"_links":{"self":[{"href":"http:\/\/gradadigital.com\/home\/wp-json\/wp\/v2\/posts\/24875","targetHints":{"allow":["GET"]}}],"collection":[{"href":"http:\/\/gradadigital.com\/home\/wp-json\/wp\/v2\/posts"}],"about":[{"href":"http:\/\/gradadigital.com\/home\/wp-json\/wp\/v2\/types\/post"}],"author":[{"embeddable":true,"href":"http:\/\/gradadigital.com\/home\/wp-json\/wp\/v2\/users\/8"}],"replies":[{"embeddable":true,"href":"http:\/\/gradadigital.com\/home\/wp-json\/wp\/v2\/comments?post=24875"}],"version-history":[{"count":2,"href":"http:\/\/gradadigital.com\/home\/wp-json\/wp\/v2\/posts\/24875\/revisions"}],"predecessor-version":[{"id":24877,"href":"http:\/\/gradadigital.com\/home\/wp-json\/wp\/v2\/posts\/24875\/revisions\/24877"}],"wp:featuredmedia":[{"embeddable":true,"href":"http:\/\/gradadigital.com\/home\/wp-json\/wp\/v2\/media\/7067"}],"wp:attachment":[{"href":"http:\/\/gradadigital.com\/home\/wp-json\/wp\/v2\/media?parent=24875"}],"wp:term":[{"taxonomy":"category","embeddable":true,"href":"http:\/\/gradadigital.com\/home\/wp-json\/wp\/v2\/categories?post=24875"},{"taxonomy":"post_tag","embeddable":true,"href":"http:\/\/gradadigital.com\/home\/wp-json\/wp\/v2\/tags?post=24875"}],"curies":[{"name":"wp","href":"https:\/\/api.w.org\/{rel}","templated":true}]}}