{"id":24839,"date":"2016-02-24T07:23:16","date_gmt":"2016-02-24T11:53:16","guid":{"rendered":"http:\/\/gradadigital.com\/home\/?p=24839"},"modified":"2016-02-24T07:23:16","modified_gmt":"2016-02-24T11:53:16","slug":"tachira-busca-una-nueva-historia-en-guayaquil","status":"publish","type":"post","link":"http:\/\/gradadigital.com\/home\/tachira-busca-una-nueva-historia-en-guayaquil\/","title":{"rendered":"T\u00e1chira busca una nueva historia en Guayaquil"},"content":{"rendered":"<p style=\"text-align: center;\"><img loading=\"lazy\" decoding=\"async\" class=\"alignnone size-full wp-image-24840\" src=\"http:\/\/gradadigital.com\/home\/wp-content\/uploads\/2016\/02\/entrenamiento_tachira_guayaquil_24022016.jpg\" alt=\"entrenamiento_tachira_guayaquil_24022016\" width=\"682\" height=\"455\" srcset=\"http:\/\/gradadigital.com\/home\/wp-content\/uploads\/2016\/02\/entrenamiento_tachira_guayaquil_24022016.jpg 682w, http:\/\/gradadigital.com\/home\/wp-content\/uploads\/2016\/02\/entrenamiento_tachira_guayaquil_24022016-300x200.jpg 300w\" sizes=\"auto, (max-width: 682px) 100vw, 682px\" \/><\/p>\n<p style=\"text-align: justify;\"><strong>Javier Joves \/ Prensa Deportivo T\u00e1chira &#8211;<\/strong>\u00a0La semana comenz\u00f3 bastante movida para el Carrusel Aurinegro, con su expedici\u00f3n hasta Ecuador por compromiso de Copa Bridgestone Libertadores 2016. En Guayaquil, capital econ\u00f3mica del pa\u00eds meridional, est\u00e1 el Deportivo T\u00e1chira F.C. con la bandera de Venezuela como estandarte y la intenci\u00f3n de escribir otra nueva historia de decibeles internacionales como premisa.<\/p>\n<p style=\"text-align: justify;\">La alegr\u00eda que redunda en el ambiente despu\u00e9s de dos triunfos en una misma semana, ante Club Olimpia de Paraguay (2-1) y el vecino Ure\u00f1a S.C. (0-2), armoniza la concentraci\u00f3n aurinegra y respalda la motivaci\u00f3n para afrontar un nuevo ciclo que exige el largo traslado por la frontera con escala en Bogot\u00e1 \u2013 Colombia.<\/p>\n<p style=\"text-align: justify;\">Con una delegaci\u00f3n de 20 jugadores y su multidisciplinario cuerpo t\u00e9cnico, Carlos Maldonado y los suyos se trasladaron hasta la costera Guayaquil para medir fuerzas ante el S.C. Emelec, en el compromiso de la segunda jornada del Grupo 7 del certamen m\u00e1s importante del continente y con presencia de los grandes de Sudam\u00e9rica.<\/p>\n<p style=\"text-align: justify;\">El enfrentamiento entre azules ecuatorianos y Aurinegros venezolanos, est\u00e1 pautado para este jueves 25 de febrero a las 7:45 de la noche (8:15 de Venezuela), en el Estadio Reales Tamarindo de Portoviejo, sede alternativa que ha dispuesto el local por la remodelaci\u00f3n de su habitual estadio.<\/p>\n<p style=\"text-align: justify;\"><strong>El Carrusel permanecer\u00e1 en movimiento<\/strong><\/p>\n<p style=\"text-align: justify;\">La estad\u00eda del Campe\u00f3n de Venezuela en Ecuador se divide en escalas con una agenda exigente y detallada. El martes permanecer\u00e1 en Guayaquil para trabajar al final de la tarde en el Estadio Monumental. Ya en la ma\u00f1ana a cargo del preparador f\u00edsico, Rudy Marques, el plantel se activ\u00f3 en el gimnasio del hotel de concentraci\u00f3n.<\/p>\n<p style=\"text-align: justify;\">El itinerario del mi\u00e9rcoles, adem\u00e1s de las actividades de gimnasio, la tropa criolla recorrer\u00e1 unas tres horas hasta Portoviejo, all\u00ed reconocer\u00e1 el gramado del Estadio Reales Tamarindo de Portoviejo, en horario nocturno similar al oficial del choque. Al finalizar, el ocho veces campe\u00f3n de Venezuela se hospedar\u00e1 en Manta, poblaci\u00f3n costera a escasos minutos del escenario copero.<\/p>\n<p style=\"text-align: justify;\">El jueves, la concentraci\u00f3n plena prevalecer\u00e1 durante todo el d\u00eda, para trasladarse con el tiempo prudente hasta el recinto deportivo donde se buscar\u00e1 escribir una nueva historia victoriosa desde las 8.15 de Venezuela, bajo el arbitraje del \u00e1rbitro boliviano Ra\u00fal Orosco.<\/p>\n","protected":false},"excerpt":{"rendered":"<p>Javier Joves \/ Prensa Deportivo T\u00e1chira &#8211;\u00a0La semana comenz\u00f3 bastante movida para el Carrusel Aurinegro, con su expedici\u00f3n hasta Ecuador por compromiso de Copa Bridgestone Libertadores 2016. En Guayaquil, capital econ\u00f3mica del pa\u00eds meridional, est\u00e1 el Deportivo T\u00e1chira F.C. con la bandera de Venezuela como estandarte y la intenci\u00f3n de escribir otra nueva historia de &#8230;<\/p>\n","protected":false},"author":4,"featured_media":24840,"comment_status":"closed","ping_status":"closed","sticky":false,"template":"","format":"standard","meta":{"footnotes":""},"categories":[752,37,11],"tags":[],"class_list":["post-24839","post","type-post","status-publish","format-standard","has-post-thumbnail","hentry","category-appgd","category-copa-libertadores","category-deportivo-tachira"],"_links":{"self":[{"href":"http:\/\/gradadigital.com\/home\/wp-json\/wp\/v2\/posts\/24839","targetHints":{"allow":["GET"]}}],"collection":[{"href":"http:\/\/gradadigital.com\/home\/wp-json\/wp\/v2\/posts"}],"about":[{"href":"http:\/\/gradadigital.com\/home\/wp-json\/wp\/v2\/types\/post"}],"author":[{"embeddable":true,"href":"http:\/\/gradadigital.com\/home\/wp-json\/wp\/v2\/users\/4"}],"replies":[{"embeddable":true,"href":"http:\/\/gradadigital.com\/home\/wp-json\/wp\/v2\/comments?post=24839"}],"version-history":[{"count":1,"href":"http:\/\/gradadigital.com\/home\/wp-json\/wp\/v2\/posts\/24839\/revisions"}],"predecessor-version":[{"id":24841,"href":"http:\/\/gradadigital.com\/home\/wp-json\/wp\/v2\/posts\/24839\/revisions\/24841"}],"wp:featuredmedia":[{"embeddable":true,"href":"http:\/\/gradadigital.com\/home\/wp-json\/wp\/v2\/media\/24840"}],"wp:attachment":[{"href":"http:\/\/gradadigital.com\/home\/wp-json\/wp\/v2\/media?parent=24839"}],"wp:term":[{"taxonomy":"category","embeddable":true,"href":"http:\/\/gradadigital.com\/home\/wp-json\/wp\/v2\/categories?post=24839"},{"taxonomy":"post_tag","embeddable":true,"href":"http:\/\/gradadigital.com\/home\/wp-json\/wp\/v2\/tags?post=24839"}],"curies":[{"name":"wp","href":"https:\/\/api.w.org\/{rel}","templated":true}]}}