{"id":24774,"date":"2016-02-22T17:18:17","date_gmt":"2016-02-22T21:48:17","guid":{"rendered":"http:\/\/gradadigital.com\/home\/?p=24774"},"modified":"2016-02-22T17:18:17","modified_gmt":"2016-02-22T21:48:17","slug":"febles-disfruto-su-primer-gol-aurinegro-es-consecuencia-del-trabajo","status":"publish","type":"post","link":"http:\/\/gradadigital.com\/home\/febles-disfruto-su-primer-gol-aurinegro-es-consecuencia-del-trabajo\/","title":{"rendered":"Febles disfrut\u00f3 su primer gol Aurinegro: \u00abEs consecuencia del trabajo\u00bb"},"content":{"rendered":"<p style=\"text-align: center;\"><img loading=\"lazy\" decoding=\"async\" class=\"alignnone size-full wp-image-24775\" src=\"http:\/\/gradadigital.com\/home\/wp-content\/uploads\/2016\/02\/daniel_febles_urena_tachira_21022016_2.jpg\" alt=\"daniel_febles_urena_tachira_21022016_2\" width=\"682\" height=\"455\" srcset=\"http:\/\/gradadigital.com\/home\/wp-content\/uploads\/2016\/02\/daniel_febles_urena_tachira_21022016_2.jpg 682w, http:\/\/gradadigital.com\/home\/wp-content\/uploads\/2016\/02\/daniel_febles_urena_tachira_21022016_2-300x200.jpg 300w\" sizes=\"auto, (max-width: 682px) 100vw, 682px\" \/><\/p>\n<p style=\"text-align: justify;\"><strong>Luiyi Joan Vivas \/ Prensa Deportivo T\u00e1chira &#8211;<\/strong> La constancia trae r\u00e9ditos, Daniel Febles tom\u00f3 dicha premisa a manera personal el semestre pasado, cuando una pudalgia lo apart\u00f3 de los terrenos de juego mientras se disputaba el Torneo Adecuaci\u00f3n. Ese esfuerzo se vio premiado de manera temprana en el 2016, habiendo estrenado su cuenta goleadora como Aurinegro ante Ure\u00f1a S.C.<\/p>\n<p style=\"text-align: justify;\"><strong>\u201cLo tomo con mucha tranquilidad, esto es consecuencia del trabajo para poder aumentar la cantidad de minutos y con el favor de Dios apoyar al equipo con muchos goles\u201d<\/strong>, expresa el atacante marcado con la camiseta \u201c23\u201d en su espalda.<\/p>\n<p style=\"text-align: justify;\">En el encuentro ante los fronterizos, Febles necesit\u00f3 tan solo de seis minutos en cancha para aprovechar la jugada que tuvo, desprendi\u00e9ndose de la marca para rematar rastrero dentro del \u00e1rea y enviar la pelota al fondo de la red, sentenciando la victoria atigrada.<\/p>\n<p style=\"text-align: justify;\"><strong>\u201cEl profesor Maldonado no me dijo muchas palabras porque sab\u00eda el hambre que ten\u00eda de marcar, sobre todo me habl\u00f3 de aspectos t\u00e1cticos. Cada vez que uno entra quiere aportar y gracias a Dios se dio\u201d<\/strong>, relata el atacante de 25 a\u00f1os, cuya diana le da confianza para los grandes retos que se avecinan.<\/p>\n<p style=\"text-align: justify;\">Cuando le corresponde dedicar ese primer gol en Pueblo Nuevo, el delantero no duda en recordar a su padre, Pedro Febles; quien en vida milit\u00f3 en la divisa tachirense y ahora gu\u00eda sus pasos desde territorio celestial.<\/p>\n<p style=\"text-align: justify;\"><strong>\u201cLa dedicatoria va para mi familia, sobre todo para mi viejo que desde arriba siempre me est\u00e1 apoyando, s\u00e9 que desde donde est\u00e9 me cuida, as\u00ed que el gol es para \u00e9l\u201d<\/strong>, relata la pieza ofensiva, con mucha euforia por ahora vivir la dicha de anotar con la camiseta del club m\u00e1s popular de Venezuela.<\/p>\n<p style=\"text-align: justify;\"><strong>\u201cEl hecho de que todos los jugadores que conforman la plantilla estemos metidos y enfocados va a ser fundamental si queremos ser protagonistas en los dos torneos\u201d<\/strong>, cierra Daniel Febles, mientras sigue trabajando para lograr nuevas celebraciones con la escuadra al mando de Carlos Maldonado.<\/p>\n<p style=\"text-align: justify;\">La mentalidad de toda la tropa atigrada se ocupa en la Copa Bridgestone Libertadores 2016, competici\u00f3n en la que visitar\u00e1 este jueves 25 de febrero al C.S. Emelec de Ecuador, desde las 8:15 de la noche en el Estadio Reales de Tamarindo de Portoviejo, en el marco de Jornada 2 del Grupo 7.<\/p>\n","protected":false},"excerpt":{"rendered":"<p>Luiyi Joan Vivas \/ Prensa Deportivo T\u00e1chira &#8211; La constancia trae r\u00e9ditos, Daniel Febles tom\u00f3 dicha premisa a manera personal el semestre pasado, cuando una pudalgia lo apart\u00f3 de los terrenos de juego mientras se disputaba el Torneo Adecuaci\u00f3n. Ese esfuerzo se vio premiado de manera temprana en el 2016, habiendo estrenado su cuenta goleadora &#8230;<\/p>\n","protected":false},"author":4,"featured_media":24775,"comment_status":"closed","ping_status":"closed","sticky":false,"template":"","format":"standard","meta":{"footnotes":""},"categories":[752,11,5,31],"tags":[],"class_list":["post-24774","post","type-post","status-publish","format-standard","has-post-thumbnail","hentry","category-appgd","category-deportivo-tachira","category-futbol-nacional","category-primera-division"],"_links":{"self":[{"href":"http:\/\/gradadigital.com\/home\/wp-json\/wp\/v2\/posts\/24774","targetHints":{"allow":["GET"]}}],"collection":[{"href":"http:\/\/gradadigital.com\/home\/wp-json\/wp\/v2\/posts"}],"about":[{"href":"http:\/\/gradadigital.com\/home\/wp-json\/wp\/v2\/types\/post"}],"author":[{"embeddable":true,"href":"http:\/\/gradadigital.com\/home\/wp-json\/wp\/v2\/users\/4"}],"replies":[{"embeddable":true,"href":"http:\/\/gradadigital.com\/home\/wp-json\/wp\/v2\/comments?post=24774"}],"version-history":[{"count":1,"href":"http:\/\/gradadigital.com\/home\/wp-json\/wp\/v2\/posts\/24774\/revisions"}],"predecessor-version":[{"id":24776,"href":"http:\/\/gradadigital.com\/home\/wp-json\/wp\/v2\/posts\/24774\/revisions\/24776"}],"wp:featuredmedia":[{"embeddable":true,"href":"http:\/\/gradadigital.com\/home\/wp-json\/wp\/v2\/media\/24775"}],"wp:attachment":[{"href":"http:\/\/gradadigital.com\/home\/wp-json\/wp\/v2\/media?parent=24774"}],"wp:term":[{"taxonomy":"category","embeddable":true,"href":"http:\/\/gradadigital.com\/home\/wp-json\/wp\/v2\/categories?post=24774"},{"taxonomy":"post_tag","embeddable":true,"href":"http:\/\/gradadigital.com\/home\/wp-json\/wp\/v2\/tags?post=24774"}],"curies":[{"name":"wp","href":"https:\/\/api.w.org\/{rel}","templated":true}]}}