{"id":24772,"date":"2016-02-22T16:54:47","date_gmt":"2016-02-22T21:24:47","guid":{"rendered":"http:\/\/gradadigital.com\/home\/?p=24772"},"modified":"2016-02-22T16:54:47","modified_gmt":"2016-02-22T21:24:47","slug":"noguera-recibi-el-balon-por-la-izquierda-y-dispare-lo-mas-fuerte-que-pude","status":"publish","type":"post","link":"http:\/\/gradadigital.com\/home\/noguera-recibi-el-balon-por-la-izquierda-y-dispare-lo-mas-fuerte-que-pude\/","title":{"rendered":"Noguera: \u00abRecib\u00ed el bal\u00f3n por la izquierda y dispar\u00e9 lo m\u00e1s fuerte que pude\u00bb"},"content":{"rendered":"<p style=\"text-align: center;\"><img loading=\"lazy\" decoding=\"async\" class=\"alignnone size-full wp-image-24735\" src=\"http:\/\/gradadigital.com\/home\/wp-content\/uploads\/2016\/02\/hector_noguera_atlvenezuela_mineros_21022016.jpg\" alt=\"hector_noguera_atlvenezuela_mineros_21022016\" width=\"682\" height=\"455\" srcset=\"http:\/\/gradadigital.com\/home\/wp-content\/uploads\/2016\/02\/hector_noguera_atlvenezuela_mineros_21022016.jpg 682w, http:\/\/gradadigital.com\/home\/wp-content\/uploads\/2016\/02\/hector_noguera_atlvenezuela_mineros_21022016-300x200.jpg 300w\" sizes=\"auto, (max-width: 682px) 100vw, 682px\" \/><\/p>\n<p style=\"text-align: justify;\"><strong>Prensa Mineros de Guayana &#8211;<\/strong> Con la sensaci\u00f3n de haber podido conseguir la victoria en Caracas, Mineros de Guayana regres\u00f3 a Ciudad Guayana para comenzar los trabajos que les permita seguir afinando los detalles en busca de su primera victoria.<\/p>\n<p style=\"text-align: justify;\">El autor del \u00fanico gol ante Atl\u00e9tico Venezuela, H\u00e9ctor Noguera, analiz\u00f3 el partido correspondiente a la quinta jornada del Torneo Apertura. Para el oriundo del estado Zulia, Mineros luch\u00f3 hasta el final por conseguir los tres puntos.<\/p>\n<p style=\"text-align: justify;\"><strong>\u201cDesde el pitazo inicial salimos con la ganas de quedarnos con el triunfo sabiendo de la necesidad que tenemos pero al final pudimos sacar un empate que nos ayuda a subir el \u00e1nimo del equipo\u201d<\/strong>, destac\u00f3 el dorsal 2 negriazul.<\/p>\n<p style=\"text-align: justify;\"><strong>\u201cRescato la actitud del grupo porque fuimos lo que propusimos y tuvimos las ocasiones m\u00e1s claras. En el primer tiempo contamos con tres oportunidades para abrir el marcador, incluso con diez hombres nunca bajamos los brazos\u201d<\/strong>, afirm\u00f3 Noguera.<\/p>\n<p style=\"text-align: justify;\"><strong>\u201cSiempre lo intentamos\u201d<\/strong><br \/>\nPara Noguera, el punto sumado ante el conjunto capitalino les dej\u00f3 una sensaci\u00f3n que se pudo ganar el partido. <strong>\u201cFue una de esas tardes donde el bal\u00f3n no quer\u00eda entrar pero siempre lo intentamos; adem\u00e1s tenemos que tomar en cuenta el factor cancha. A veces pod\u00edamos jugar como no los pidi\u00f3 el t\u00e9cnico (Jos\u00e9 Vera), pero en otros sectores de la cancha simplemente ten\u00edamos que sacar la pelota lo m\u00e1s lejos posible\u201d.<\/strong><\/p>\n<p style=\"text-align: justify;\"><strong>Una gran alegr\u00eda<\/strong><br \/>\nSon pocas las ocasiones que tienen los defensores para marcar, pero para H\u00e9ctor Noguera fue una alegr\u00eda muy grande.<strong> \u201cRecib\u00ed el bal\u00f3n por la izquierda y dispar\u00e9 lo m\u00e1s fuerte que pude, por suerte se desvi\u00f3 en un defensa y el portero no pudo pararla. Me sent\u00ed bien pero lo m\u00e1s importante fue poder colaborar con el grupo\u201d.<\/strong><\/p>\n<p style=\"text-align: justify;\">De igual forma, el lateral minerista coment\u00f3 que siempre estar\u00e1 a la disposici\u00f3n del cuerpo t\u00e9cnico. <strong>\u201cDonde me necesiten dar\u00e9 lo mejor de m\u00ed por el bien de la instituci\u00f3n. Estoy seguro que con una racha positiva colocaremos a Mineros en el lugar donde se merece estar\u201d<\/strong>.<\/p>\n<p style=\"text-align: justify;\">Por \u00faltimo, Noguera afirm\u00f3 que se viene un partido importante para continuar fortaleciendo al equipo. <strong>\u201cNo ha sido el mejor arranque pero el pr\u00f3ximo domingo trataremos de dejar los tres puntos en casa\u201d.<\/strong><\/p>\n","protected":false},"excerpt":{"rendered":"<p>Prensa Mineros de Guayana &#8211; Con la sensaci\u00f3n de haber podido conseguir la victoria en Caracas, Mineros de Guayana regres\u00f3 a Ciudad Guayana para comenzar los trabajos que les permita seguir afinando los detalles en busca de su primera victoria. El autor del \u00fanico gol ante Atl\u00e9tico Venezuela, H\u00e9ctor Noguera, analiz\u00f3 el partido correspondiente a &#8230;<\/p>\n","protected":false},"author":4,"featured_media":24735,"comment_status":"closed","ping_status":"closed","sticky":false,"template":"","format":"standard","meta":{"footnotes":""},"categories":[752,5,15,31],"tags":[],"class_list":["post-24772","post","type-post","status-publish","format-standard","has-post-thumbnail","hentry","category-appgd","category-futbol-nacional","category-mineros-de-guayana","category-primera-division"],"_links":{"self":[{"href":"http:\/\/gradadigital.com\/home\/wp-json\/wp\/v2\/posts\/24772","targetHints":{"allow":["GET"]}}],"collection":[{"href":"http:\/\/gradadigital.com\/home\/wp-json\/wp\/v2\/posts"}],"about":[{"href":"http:\/\/gradadigital.com\/home\/wp-json\/wp\/v2\/types\/post"}],"author":[{"embeddable":true,"href":"http:\/\/gradadigital.com\/home\/wp-json\/wp\/v2\/users\/4"}],"replies":[{"embeddable":true,"href":"http:\/\/gradadigital.com\/home\/wp-json\/wp\/v2\/comments?post=24772"}],"version-history":[{"count":1,"href":"http:\/\/gradadigital.com\/home\/wp-json\/wp\/v2\/posts\/24772\/revisions"}],"predecessor-version":[{"id":24773,"href":"http:\/\/gradadigital.com\/home\/wp-json\/wp\/v2\/posts\/24772\/revisions\/24773"}],"wp:featuredmedia":[{"embeddable":true,"href":"http:\/\/gradadigital.com\/home\/wp-json\/wp\/v2\/media\/24735"}],"wp:attachment":[{"href":"http:\/\/gradadigital.com\/home\/wp-json\/wp\/v2\/media?parent=24772"}],"wp:term":[{"taxonomy":"category","embeddable":true,"href":"http:\/\/gradadigital.com\/home\/wp-json\/wp\/v2\/categories?post=24772"},{"taxonomy":"post_tag","embeddable":true,"href":"http:\/\/gradadigital.com\/home\/wp-json\/wp\/v2\/tags?post=24772"}],"curies":[{"name":"wp","href":"https:\/\/api.w.org\/{rel}","templated":true}]}}