{"id":2473,"date":"2013-07-14T20:58:04","date_gmt":"2013-07-15T01:28:04","guid":{"rendered":"http:\/\/gradadigital.com\/home\/?p=2473"},"modified":"2013-07-14T21:03:44","modified_gmt":"2013-07-15T01:33:44","slug":"josef-martinez-debuto-con-gol","status":"publish","type":"post","link":"http:\/\/gradadigital.com\/home\/josef-martinez-debuto-con-gol\/","title":{"rendered":"FOTOS | Josef Mart\u00ednez debut\u00f3 con gol"},"content":{"rendered":"<p style=\"text-align: center;\"><img loading=\"lazy\" decoding=\"async\" class=\"alignnone\" alt=\"\" src=\"http:\/\/gradadigital.com\/home\/wp-content\/uploads\/2013\/07\/josef_martinez_zurich_thun_14072013_2.jpg\" width=\"596\" height=\"346\" \/><\/p>\n<p style=\"text-align: justify;\"><strong>GradaDigital.com &#8211;<\/strong> El venezolano <strong>Josef Mart\u00ednez<\/strong> volvi\u00f3 a la actividad en el f\u00fatbol de Suiza con su nuevo club, el FC Thun (donde se encuentra a pr\u00e9stamo), siendo titular y aprovechando convertir su primer gol cuando transcurr\u00edan 49 minutos, siendo el empate para el momento.<\/p>\n<p style=\"text-align: justify;\">Igualmente el gol no pudo evitar la derrota del club del criollo, que cay\u00f3 derrotado (2-3) cuando marcaron la diferencia al minuto 93. El venezolano jug\u00f3 completo.<\/p>\n<p style=\"text-align: justify;\">Por otra parte, <strong>Frank Feltscher<\/strong> ingres\u00f3 en el \u00faltimo minuto en la victoria de su equipo, Grasshopper, por 2-0 ante el St. Gallen.<\/p>\n<p style=\"text-align: center;\"><img loading=\"lazy\" decoding=\"async\" class=\"alignnone\" alt=\"\" src=\"http:\/\/gradadigital.com\/home\/wp-content\/uploads\/2013\/07\/josef_martinez_zurich_thun_14072013_1.jpg\" width=\"397\" height=\"596\" \/><\/p>\n<p style=\"text-align: center;\"><img loading=\"lazy\" decoding=\"async\" class=\"alignnone\" alt=\"\" src=\"http:\/\/gradadigital.com\/home\/wp-content\/uploads\/2013\/07\/josef_martinez_zurich_thun_14072013.jpg\" width=\"596\" height=\"346\" \/><\/p>\n","protected":false},"excerpt":{"rendered":"<p>GradaDigital.com &#8211; El venezolano Josef Mart\u00ednez volvi\u00f3 a la actividad en el f\u00fatbol de Suiza con su nuevo club, el FC Thun (donde se encuentra a pr\u00e9stamo), siendo titular y aprovechando convertir su primer gol cuando transcurr\u00edan 49 minutos, siendo el empate para el momento. Igualmente el gol no pudo evitar la derrota del club &#8230;<\/p>\n","protected":false},"author":4,"featured_media":2474,"comment_status":"closed","ping_status":"closed","sticky":false,"template":"","format":"standard","meta":{"footnotes":""},"categories":[43,4],"tags":[],"class_list":["post-2473","post","type-post","status-publish","format-standard","has-post-thumbnail","hentry","category-fotos","category-legionarios"],"_links":{"self":[{"href":"http:\/\/gradadigital.com\/home\/wp-json\/wp\/v2\/posts\/2473","targetHints":{"allow":["GET"]}}],"collection":[{"href":"http:\/\/gradadigital.com\/home\/wp-json\/wp\/v2\/posts"}],"about":[{"href":"http:\/\/gradadigital.com\/home\/wp-json\/wp\/v2\/types\/post"}],"author":[{"embeddable":true,"href":"http:\/\/gradadigital.com\/home\/wp-json\/wp\/v2\/users\/4"}],"replies":[{"embeddable":true,"href":"http:\/\/gradadigital.com\/home\/wp-json\/wp\/v2\/comments?post=2473"}],"version-history":[{"count":4,"href":"http:\/\/gradadigital.com\/home\/wp-json\/wp\/v2\/posts\/2473\/revisions"}],"predecessor-version":[{"id":2477,"href":"http:\/\/gradadigital.com\/home\/wp-json\/wp\/v2\/posts\/2473\/revisions\/2477"}],"wp:featuredmedia":[{"embeddable":true,"href":"http:\/\/gradadigital.com\/home\/wp-json\/wp\/v2\/media\/2474"}],"wp:attachment":[{"href":"http:\/\/gradadigital.com\/home\/wp-json\/wp\/v2\/media?parent=2473"}],"wp:term":[{"taxonomy":"category","embeddable":true,"href":"http:\/\/gradadigital.com\/home\/wp-json\/wp\/v2\/categories?post=2473"},{"taxonomy":"post_tag","embeddable":true,"href":"http:\/\/gradadigital.com\/home\/wp-json\/wp\/v2\/tags?post=2473"}],"curies":[{"name":"wp","href":"https:\/\/api.w.org\/{rel}","templated":true}]}}