{"id":24680,"date":"2016-02-20T08:38:58","date_gmt":"2016-02-20T13:08:58","guid":{"rendered":"http:\/\/gradadigital.com\/home\/?p=24680"},"modified":"2016-02-20T08:38:58","modified_gmt":"2016-02-20T13:08:58","slug":"trujillanos-calienta-motores-para-su-debut-ante-river-plate","status":"publish","type":"post","link":"http:\/\/gradadigital.com\/home\/trujillanos-calienta-motores-para-su-debut-ante-river-plate\/","title":{"rendered":"Trujillanos calienta motores para su debut ante River Plate"},"content":{"rendered":"<p style=\"text-align: center;\"><a href=\"http:\/\/gradadigital.com\/home\/wp-content\/uploads\/2016\/02\/once_trujillanos_estudiantes_trujillanos_04022016.jpg\" rel=\"attachment wp-att-24681\"><img loading=\"lazy\" decoding=\"async\" class=\"alignnone size-full wp-image-24681\" src=\"http:\/\/gradadigital.com\/home\/wp-content\/uploads\/2016\/02\/once_trujillanos_estudiantes_trujillanos_04022016.jpg\" alt=\"once_trujillanos_estudiantes_trujillanos_04022016\" width=\"682\" height=\"455\" srcset=\"http:\/\/gradadigital.com\/home\/wp-content\/uploads\/2016\/02\/once_trujillanos_estudiantes_trujillanos_04022016.jpg 682w, http:\/\/gradadigital.com\/home\/wp-content\/uploads\/2016\/02\/once_trujillanos_estudiantes_trujillanos_04022016-300x200.jpg 300w\" sizes=\"auto, (max-width: 682px) 100vw, 682px\" \/><\/a><\/p>\n<p style=\"text-align: justify;\"><strong>Lcdo. Carlos Luis Brice\u00f1o Abreu,\u00a0Prensa Oficial Trujillanos FC.-<\/strong> Estas son las novedades del Trujillanos FC, quienes ya piensan en su debut por la Copa Libertadores ante River Plate de Argentina:<\/p>\n<p style=\"text-align: justify;\"><strong>Los guerreros trabajan con el bal\u00f3n Oficial<\/strong><\/p>\n<p style=\"text-align: justify;\">Ya el amarillo y marr\u00f3n se prepara con todo para la Copa Bridgestone Libertadores, a pesar de que este fin de semana deber\u00e1n cumplir con su \u00faltimo partido por torneo local previo al debut, los dirigidos por Horacio Matuszyczk ya trabajan con el bal\u00f3n oficial de la competencia. La nueva Nike Ordem (Bal\u00f3n oficial de la Copa) con colores llamativos ha comenzado a rodar en Sudam\u00e9rica y este 25\u00a0 de febrero rodar\u00e1 de manera oficial en el \u201cCementerio de los Grandes\u201d<\/p>\n<p style=\"text-align: justify;\"><strong>Mayker Gonz\u00e1lez operado con \u00e9xito<\/strong><\/p>\n<p style=\"text-align: justify;\">Una baja sensible tendr\u00e1 el cuadro de los guerreros de la monta\u00f1a para la venidera Copa Bridgestone Libertadores 2.016, el lateral Mayker Gonz\u00e1lez quien hab\u00eda padecido problemas en su rodilla derecha fue operado en la ciudad de M\u00e9rida este viernes. \u201cMayker fue intervenido quir\u00fargicamente en la ciudad de M\u00e9rida por parte del Dr. Di Filipi, fue todo un \u00e9xito, se le sustituyo el ligamento cruzado anterior, el cual se evidenci\u00f3 una lesi\u00f3n y aparte de eso se corrigi\u00f3 el cuerno posterior del menisco,\u00a0 est\u00e1 en proceso de recuperaci\u00f3n en la ciudad de M\u00e9rida y esperamos que regrese a Valera para iniciar la recuperaci\u00f3n\u201d coment\u00f3 el Dr. Silvio Gonz\u00e1lez m\u00e9dico del club.<\/p>\n<p style=\"text-align: justify;\"><strong>Los guerreros obsequiaron entradas para partido ante Llaneros en escuelas de la ciudad<\/strong><\/p>\n<p style=\"text-align: justify;\">Como parte del proceso de incentivo y motivaci\u00f3n hacia el aficionado en general, representantes deportivos de los guerreros de la monta\u00f1a ofrecieron y entregaron entradas en diferentes escuelas dela ciudad. Las unidades educativas visitadas por parte del amarillo y marr\u00f3n fueron U.E. \u201cSan Rafael\u201d, U.E. \u201cFe y Alegr\u00eda\u201d, U.E. \u201cMonse\u00f1or Lucas Castillo\u201d, \u201cU.E. Romulo Gallegos\u201d. De esta manera los guerreros cumplen con su compromiso social para el mejoramiento de nuestra sociedad.<\/p>\n<p style=\"text-align: justify;\"><strong>El domingo ante Llaneros de Guanare<\/strong><\/p>\n<p style=\"text-align: justify;\">Este domingo el amarillo y marr\u00f3n cumplir\u00e1 su \u00faltimo partido antes de participar en la Copa Bridgestone Libertadores cuando reciban al complicado Llaneros de Guanare a partir de las 4pm en el Cementerio de los Grandes. Para el partido los precios de las entradas se mantienen como en los dos partidos previos. Para el partido el \u00e1rbitro principal ser\u00e1 el internacional Jos\u00e9 Argote del Zulia.<\/p>\n<p style=\"text-align: justify;\">Los dirigidos por Horacio Matuszyczk trabajaron la tarde de este viernes, su \u00faltimo entrenamiento y el que definir\u00e1 la convocatoria oficial para recibir a los coromotanos ser\u00e1 este s\u00e1bado a partir de las 7am en el Polideportivo \u201cLuis Loreto Lira\u201d.<\/p>\n","protected":false},"excerpt":{"rendered":"<p>Lcdo. Carlos Luis Brice\u00f1o Abreu,\u00a0Prensa Oficial Trujillanos FC.- Estas son las novedades del Trujillanos FC, quienes ya piensan en su debut por la Copa Libertadores ante River Plate de Argentina: Los guerreros trabajan con el bal\u00f3n Oficial Ya el amarillo y marr\u00f3n se prepara con todo para la Copa Bridgestone Libertadores, a pesar de que &#8230;<\/p>\n","protected":false},"author":4,"featured_media":24681,"comment_status":"closed","ping_status":"closed","sticky":false,"template":"","format":"standard","meta":{"footnotes":""},"categories":[752,37,19],"tags":[],"class_list":["post-24680","post","type-post","status-publish","format-standard","has-post-thumbnail","hentry","category-appgd","category-copa-libertadores","category-trujillanos-fc"],"_links":{"self":[{"href":"http:\/\/gradadigital.com\/home\/wp-json\/wp\/v2\/posts\/24680","targetHints":{"allow":["GET"]}}],"collection":[{"href":"http:\/\/gradadigital.com\/home\/wp-json\/wp\/v2\/posts"}],"about":[{"href":"http:\/\/gradadigital.com\/home\/wp-json\/wp\/v2\/types\/post"}],"author":[{"embeddable":true,"href":"http:\/\/gradadigital.com\/home\/wp-json\/wp\/v2\/users\/4"}],"replies":[{"embeddable":true,"href":"http:\/\/gradadigital.com\/home\/wp-json\/wp\/v2\/comments?post=24680"}],"version-history":[{"count":1,"href":"http:\/\/gradadigital.com\/home\/wp-json\/wp\/v2\/posts\/24680\/revisions"}],"predecessor-version":[{"id":24682,"href":"http:\/\/gradadigital.com\/home\/wp-json\/wp\/v2\/posts\/24680\/revisions\/24682"}],"wp:featuredmedia":[{"embeddable":true,"href":"http:\/\/gradadigital.com\/home\/wp-json\/wp\/v2\/media\/24681"}],"wp:attachment":[{"href":"http:\/\/gradadigital.com\/home\/wp-json\/wp\/v2\/media?parent=24680"}],"wp:term":[{"taxonomy":"category","embeddable":true,"href":"http:\/\/gradadigital.com\/home\/wp-json\/wp\/v2\/categories?post=24680"},{"taxonomy":"post_tag","embeddable":true,"href":"http:\/\/gradadigital.com\/home\/wp-json\/wp\/v2\/tags?post=24680"}],"curies":[{"name":"wp","href":"https:\/\/api.w.org\/{rel}","templated":true}]}}