{"id":24630,"date":"2016-02-18T11:51:15","date_gmt":"2016-02-18T16:21:15","guid":{"rendered":"http:\/\/gradadigital.com\/home\/?p=24630"},"modified":"2016-02-18T12:55:13","modified_gmt":"2016-02-18T17:25:13","slug":"laureano-gonzalez-a-los-jugadores-les-diremos-las-condiciones-en-que-vendran","status":"publish","type":"post","link":"http:\/\/gradadigital.com\/home\/laureano-gonzalez-a-los-jugadores-les-diremos-las-condiciones-en-que-vendran\/","title":{"rendered":"Laureano Gonz\u00e1lez: \u00abA los jugadores les diremos las condiciones en que vendr\u00e1n\u00bb"},"content":{"rendered":"<p style=\"text-align: center;\"><img loading=\"lazy\" decoding=\"async\" class=\"alignnone size-full wp-image-23696\" src=\"http:\/\/gradadigital.com\/home\/wp-content\/uploads\/2015\/11\/laureano_gonzalez_fvf_venezuela_2015.jpg\" alt=\"laureano_gonzalez_fvf_venezuela_2015\" width=\"682\" height=\"455\" srcset=\"http:\/\/gradadigital.com\/home\/wp-content\/uploads\/2015\/11\/laureano_gonzalez_fvf_venezuela_2015.jpg 682w, http:\/\/gradadigital.com\/home\/wp-content\/uploads\/2015\/11\/laureano_gonzalez_fvf_venezuela_2015-300x200.jpg 300w\" sizes=\"auto, (max-width: 682px) 100vw, 682px\" \/><\/p>\n<p style=\"text-align: justify;\"><strong>GradaDigital.com &#8211;<\/strong> El Presidente de la Federaci\u00f3n Venezolana de F\u00fatbol, Laureano Gonz\u00e1lez, expres\u00f3 en rueda de prensa en la sede de Sabana Grande, la dif\u00edcil situaci\u00f3n econ\u00f3mica que vive la Federaci\u00f3n, lo que conlleva a cambiar la estrategia de los premios econ\u00f3micos a los jugadores, y las condiciones en que vendr\u00edan al ser convocados.<\/p>\n<p style=\"text-align: justify;\"><strong>\u00abPido disculpa si los jugadores se sintieron ofendidos por manifestar que no hab\u00eda la mejor disposici\u00f3n de los jugadores en defender la camiseta nacional. Capaz exced\u00ed en mis declaraciones\u00bb<\/strong> igualmente agregando que <strong>\u00abes un hecho muy extra\u00f1o que los jugadores pidan la renuncia de los directivos\u00bb<\/strong>.<\/p>\n<p style=\"text-align: justify;\">Gonz\u00e1lez se extendi\u00f3 en explicar diferentes puntos al respecto: <strong>\u00abHoy la circunstancias econ\u00f3micas de la FVF es dif\u00edcil. No solo respondemos a una selecci\u00f3n. Son once selecciones.\u00a0Tenemos compromisos contractuales con el Cuerpo T\u00e9cnico que estamos cumpliendo y cumpliremos, y a\u00a0los jugadores les diremos las condiciones en que vendr\u00e1n (al ser convocados)\u00bb<\/strong>.<\/p>\n<p style=\"text-align: justify;\">Laureano coment\u00f3 que lamentablemente <strong>\u00abla relaci\u00f3n con los jugadores no ha sido de patriotismo, ha sido econ\u00f3mica, y todos sabemos la dif\u00edcil circunstancias que vivimos en el pa\u00eds.\u00a0Los jugadores que acepten las condiciones econ\u00f3micas actuales vendr\u00e1n. Los que no acepten, entonces no ser\u00e1n convocados.\u00a0Ojal\u00e1 todos los jugadores que sean llamados quieran venir, y sepan aceptar las condiciones que tenemos, que deben ser para todos los jugadores de igual manera. Estamos discutiendo los beneficios con el comit\u00e9 organizador local de la Copa Centenario, para as\u00ed cubrir los gastos de preparaci\u00f3n\u00bb<\/strong>.<\/p>\n<p style=\"text-align: justify;\">Y ante toda esta situaci\u00f3n, \u00bfen que estado se encuentra la FVF?: <strong>\u00ab\u00bfQuebrada la Federaci\u00f3n est\u00e1?. Hoy no. Estamos asumiendo responsabilidades, y lo hemos hablado con el cuerpo t\u00e9cnico.\u00a0Pagaremos los hoteles 5 estrellas que ya lo tenemos. Volaremos en charter a Per\u00fa. Otros que llegar\u00e1n dos d\u00edas antes etc. Estar en la Selecci\u00f3n Nacional y estar en negocios, no van unidos. No tengo mano zurda con eso\u00bb<\/strong>. Por \u00faltimo, confirm\u00f3 a Barinas como sede del encuentro Vinotinto ante Chile por las Eliminatorias. <strong>\u00abBarinas es la sede del pr\u00f3ximo juego de Venezuela. No se ha tomado decisi\u00f3n respecto a los pr\u00f3ximos juegos luego de la Copa Centenario. Ya veremos si nos mudaremos de Barinas o continuamos all\u00ed\u00bb<\/strong>.<\/p>\n<div id=\"fb-root\"><\/div>\n<p><script>\/\/ < ![CDATA[\n(function(d, s, id) {  var js, fjs = d.getElementsByTagName(s)[0];  if (d.getElementById(id)) return;  js = d.createElement(s); js.id = id;  js.src = \"\/\/connect.facebook.net\/es_LA\/sdk.js#xfbml=1&#038;version=v2.3\";  fjs.parentNode.insertBefore(js, fjs);}(document, 'script', 'facebook-jssdk'));\n\/\/ ]]><\/script><\/p>\n<div class=\"fb-post\" data-href=\"https:\/\/www.facebook.com\/GradaDigital\/photos\/a.179084642246556.1073741828.172127629608924\/590371474451202\/?type=3\" data-width=\"500\">\n<div class=\"fb-xfbml-parse-ignore\">\n<blockquote cite=\"https:\/\/www.facebook.com\/GradaDigital\/posts\/590371474451202:0\"><p>#FRASES | Estas son algunas de las frases que dej\u00f3 hoy Laureano Gonz\u00e1lez, Presidente de la #FVF. \u00bfQu\u00e9 opinas?. M\u00e1s informaci\u00f3n: https:\/\/t.co\/sT8fVeC8E8 &#8211; Grada Digital<\/p>\n<p>Posted by <a href=\"https:\/\/www.facebook.com\/GradaDigital\/\">Grada Digital<\/a> on\u00a0<a href=\"https:\/\/www.facebook.com\/GradaDigital\/posts\/590371474451202:0\">jueves, 18 de febrero de 2016<\/a><\/p><\/blockquote>\n<\/div>\n<\/div>\n<p style=\"text-align: right;\"><em><strong>-NOTICIA EN DESARROLLO-<\/strong><\/em><\/p>\n","protected":false},"excerpt":{"rendered":"<p>GradaDigital.com &#8211; El Presidente de la Federaci\u00f3n Venezolana de F\u00fatbol, Laureano Gonz\u00e1lez, expres\u00f3 en rueda de prensa en la sede de Sabana Grande, la dif\u00edcil situaci\u00f3n econ\u00f3mica que vive la Federaci\u00f3n, lo que conlleva a cambiar la estrategia de los premios econ\u00f3micos a los jugadores, y las condiciones en que vendr\u00edan al ser convocados. \u00abPido &#8230;<\/p>\n","protected":false},"author":4,"featured_media":23696,"comment_status":"closed","ping_status":"closed","sticky":false,"template":"","format":"standard","meta":{"footnotes":""},"categories":[752,5,26,39,40,3],"tags":[],"class_list":["post-24630","post","type-post","status-publish","format-standard","has-post-thumbnail","hentry","category-appgd","category-futbol-nacional","category-seleccion-femenina","category-seleccion-nacional-juveniles","category-seleccion-nacional-mayores","category-seleccion-nacional"],"_links":{"self":[{"href":"http:\/\/gradadigital.com\/home\/wp-json\/wp\/v2\/posts\/24630","targetHints":{"allow":["GET"]}}],"collection":[{"href":"http:\/\/gradadigital.com\/home\/wp-json\/wp\/v2\/posts"}],"about":[{"href":"http:\/\/gradadigital.com\/home\/wp-json\/wp\/v2\/types\/post"}],"author":[{"embeddable":true,"href":"http:\/\/gradadigital.com\/home\/wp-json\/wp\/v2\/users\/4"}],"replies":[{"embeddable":true,"href":"http:\/\/gradadigital.com\/home\/wp-json\/wp\/v2\/comments?post=24630"}],"version-history":[{"count":4,"href":"http:\/\/gradadigital.com\/home\/wp-json\/wp\/v2\/posts\/24630\/revisions"}],"predecessor-version":[{"id":24638,"href":"http:\/\/gradadigital.com\/home\/wp-json\/wp\/v2\/posts\/24630\/revisions\/24638"}],"wp:featuredmedia":[{"embeddable":true,"href":"http:\/\/gradadigital.com\/home\/wp-json\/wp\/v2\/media\/23696"}],"wp:attachment":[{"href":"http:\/\/gradadigital.com\/home\/wp-json\/wp\/v2\/media?parent=24630"}],"wp:term":[{"taxonomy":"category","embeddable":true,"href":"http:\/\/gradadigital.com\/home\/wp-json\/wp\/v2\/categories?post=24630"},{"taxonomy":"post_tag","embeddable":true,"href":"http:\/\/gradadigital.com\/home\/wp-json\/wp\/v2\/tags?post=24630"}],"curies":[{"name":"wp","href":"https:\/\/api.w.org\/{rel}","templated":true}]}}