{"id":24584,"date":"2016-02-16T22:08:07","date_gmt":"2016-02-17T02:38:07","guid":{"rendered":"http:\/\/gradadigital.com\/home\/?p=24584"},"modified":"2016-02-17T07:12:26","modified_gmt":"2016-02-17T11:42:26","slug":"carabobo-buscara-sumar-en-maracaibo","status":"publish","type":"post","link":"http:\/\/gradadigital.com\/home\/carabobo-buscara-sumar-en-maracaibo\/","title":{"rendered":"Carabobo buscar\u00e1 sumar en Maracaibo"},"content":{"rendered":"<p style=\"text-align: center;\"><a href=\"http:\/\/gradadigital.com\/home\/wp-content\/uploads\/2016\/02\/carlos_suarez_mono_carabobo_portuguesa_04022016.jpg\" rel=\"attachment wp-att-24241\"><img loading=\"lazy\" decoding=\"async\" class=\"alignnone size-full wp-image-24241\" src=\"http:\/\/gradadigital.com\/home\/wp-content\/uploads\/2016\/02\/carlos_suarez_mono_carabobo_portuguesa_04022016.jpg\" alt=\"carlos_suarez_mono_carabobo_portuguesa_04022016\" width=\"682\" height=\"455\" srcset=\"http:\/\/gradadigital.com\/home\/wp-content\/uploads\/2016\/02\/carlos_suarez_mono_carabobo_portuguesa_04022016.jpg 682w, http:\/\/gradadigital.com\/home\/wp-content\/uploads\/2016\/02\/carlos_suarez_mono_carabobo_portuguesa_04022016-300x200.jpg 300w\" sizes=\"auto, (max-width: 682px) 100vw, 682px\" \/><\/a><\/p>\n<p style=\"text-align: justify;\"><strong>Jhoan Ulloa &#8211;\u00a0<\/strong>Sin tiempo para descansar, Carabobo F\u00fatbol Club retom\u00f3 r\u00e1pidamente las labores, tras el triunfo 2-0 sobre Deportivo Anzo\u00e1tegui, para preparar el reto frente a Deportivo JBL Zulia correspondiente a la jornada cuatro del Torneo Apertura 2016.<\/p>\n<p style=\"text-align: justify;\">La Vinotinto Regional deber\u00e1 emprender su segundo viaje, en lo que va del joven certamen, con destino a la calurosa ciudad de Maracaibo. El Estadio Jos\u00e9 Encarnaci\u00f3n \u201cPachencho\u201d Romero ser\u00e1 el escenario que albergar\u00e1 el choque entre zulianos y valencianos en tierras marabinas, y en el cual los industriales buscar\u00e1n seguir prolongando el invicto que registra desde el Torneo Adecuaci\u00f3n 2015.<\/p>\n<p style=\"text-align: justify;\">Los carabobe\u00f1os llegan a la contienda con la motivaci\u00f3n de sumar sus primeras tres unidades en la competici\u00f3n frente a la escuadra oriental, lo cual les permiti\u00f3 totalizar cinco unidades luego de tres fechas disputadas que los ubica en la cuarta casilla de la clasificaci\u00f3n.<\/p>\n<p style=\"text-align: justify;\">Asimismo, los dirigidos por Marcos Math\u00edas vienen de soltar muestras de una defensa s\u00f3lida que buscar\u00e1 ser una de las mejores en la competici\u00f3n, pues en sus primeros tres partidos encajaron una sola diana. Mantener la valla intacta, por tercer cotejo consecutivo, ser\u00e1 uno de los objetivos de la escuadra granate en su visita al \u201cPachencho\u201d.<\/p>\n<p style=\"text-align: justify;\">Por otro lado, la divisa zuliana registra dos derrotas y una victoria en el arranque de la campa\u00f1a, ambos traspi\u00e9s fueron bajo la etiqueta de for\u00e1neos, mientras que la victoria les toc\u00f3 la puerta en su feudo. Sin embargo, su registro m\u00e1s reciente fue la ca\u00edda 1-0 a manos de Petare FC.<\/p>\n<p style=\"text-align: justify;\">De igual forma, ser\u00e1 la primera vez en que el conjunto marabino se enfrente a la Vinotinto Regional y los granates buscar\u00e1n iniciar el registro con datos positivos que permitan alargar el invicto carabobe\u00f1o.<\/p>\n<p style=\"text-align: justify;\"><strong>\u201cDebemos demostrar jerarqu\u00eda\u201d<\/strong><\/p>\n<p style=\"text-align: justify;\">Carlos \u201cEl Kaki\u201d Rivero se ha convertido r\u00e1pidamente en uno de los referentes en la zona defensiva carabobe\u00f1a. El zaguero valenciano lleg\u00f3 a la divisa industrial para blindar la zona uno granate y ha logrado dar con las expectativas gracias a la <strong>\u201cconfianza. Tengo mucho que agradecer a personas que me ayudaron en momentos cr\u00edticos. El profesor Math\u00edas me ha dado mucha confianza y eso a uno lo hace sentir m\u00e1s comprometido para jugar con m\u00e1s armon\u00eda con las cosas en contra\u201d<\/strong>.<\/p>\n<p style=\"text-align: justify;\">Asimismo, \u201cKaki\u201d analiz\u00f3 lo que ser\u00e1 el choque de este mi\u00e9rcoles frente al cuadro marabino y asegur\u00f3 que <strong>\u201ccon la experiencia que tiene el grupo, debemos saber c\u00f3mo manejarnos en esta clase de escenarios. Hay muchas condiciones desfavorables como el campo y el clima, que hacen el partido un poco tedioso\u201d<\/strong>, apunt\u00f3 Rivero, a lo que enseguida a\u00f1adi\u00f3 que <strong>\u201cdebemos demostrar jerarqu\u00eda, es dif\u00edcil jugar a las tres de la tarde en ese ese escenario y tenemos que saber que ellos est\u00e1n bastante entusiasmado y con el impulso de que est\u00e1n jugando en Primera Divisi\u00f3n, quieren mostrarse y hay que estar atento a ello\u201d<\/strong>.<\/p>\n<p style=\"text-align: justify;\">Igualmente, la Vinotinto Regional parte con el factor motivante de vencer en su presentaci\u00f3n m\u00e1s reciente y apuntar\u00e1n al mismo resultado en el complicado \u201cPachencho\u201d Romero. <strong>\u201cNos encontramos bastante bien, al igual que en el inicio del torneo. Hemos hecho las cosas bastante bien, quiz\u00e1s nos falt\u00f3 trabajar un poco m\u00e1s la definici\u00f3n que fue lo que logramos en el \u00faltimo partido\u201d<\/strong>, explic\u00f3 el defensor de 23 a\u00f1os de edad.<\/p>\n<p style=\"text-align: justify;\">Finalmente, el due\u00f1o del dorsal \u201c28\u201d en el granate, envi\u00f3 un mensaje a la afici\u00f3n carabobe\u00f1a que ha manifestado su apoyo en los tres compromisos que van de torneo. <strong>\u201cSigan apoy\u00e1ndonos que el equipo est\u00e1 haciendo las cosas bien, ya lo han visto en los partidos que hemos jugado. Siempre es un plus jugar con el p\u00fablico a tu favor y con ese importante aliento del hincha\u201d<\/strong>.<\/p>\n<p style=\"text-align: justify;\">Los granates ya est\u00e1n listos para dar cara a su cuarto reto de la competici\u00f3n, segundo fuera de la capital carabobe\u00f1a, en el que buscar\u00e1n seguir sumando unidades que le permitan comenzar a establecerse en los puestos m\u00e1s altos de la clasificaci\u00f3n.<\/p>\n<p style=\"text-align: justify;\"><strong>Sin \u201cMono\u201d en Maracaibo<\/strong><\/p>\n<p style=\"text-align: justify;\">El destacado mediocampista granate, Carlos \u201cEl Mono\u201d Suarez, no podr\u00e1 estar a disposici\u00f3n del estratega Marcos Math\u00edas debido a que estar\u00e1 cumpliendo un partido de suspensi\u00f3n tras ser expulsado, por doble amonestaci\u00f3n, en el compromiso frente a Deportivo Anzo\u00e1tegui.<\/p>\n<p style=\"text-align: justify;\">De igual forma, Cristian Novoa (tendinitis de los extensores del pie izquierdo) y el juvenil Jos\u00e9 Balza (distenci\u00f3n del ligamento colateral externo de la rodilla izquierda) siguen recuper\u00e1ndose de sus respectivas lesiones<\/p>\n<p style=\"text-align: justify;\"><strong>Convocatoria:<\/strong><\/p>\n<p style=\"text-align: justify;\">&#8211;\u00a0\u00a0\u00a0\u00a0\u00a0\u00a0 Jos\u00e9 Leonardo Morales (23). Rafael Qui\u00f1ones (1), Jos\u00e9 Acosta (13), Oscar Rojas (16), Richard Badillo (3), Carlos Rivero (28), Josua Mej\u00edas* (2), Jes\u00fas Quintero (7), Arist\u00f3teles Romero (8), Juan Colina (20), Eduard Bello (21), Marlon Fern\u00e1ndez (21), Christopher Monta\u00f1a* (26), Orlando Cordero (11), N\u00e9stor Bareiro (9), Jarl\u00edn Quintero (18), Aquiles Ocanto (10), Jos\u00e9 Bandez* (30)<\/p>\n<p style=\"text-align: justify;\"><strong>Ficha t\u00e9cnica:<\/strong><\/p>\n<p style=\"text-align: justify;\"><strong>Partido: <\/strong>Deportivo JBL Zulua vs. Carabobo F\u00fatbol Club<\/p>\n<p style=\"text-align: justify;\"><strong>Competici\u00f3n:<\/strong>\u00a0Torneo Apertura 2016<\/p>\n<p style=\"text-align: justify;\"><strong>Fecha:\u00a0<\/strong>Jornada 4 \u2013 Mi\u00e9rcoles 17\/02\/2016<\/p>\n<p style=\"text-align: justify;\"><strong>Hora:\u00a0<\/strong>3:00 P.M.<\/p>\n<p style=\"text-align: justify;\"><strong>Escenario:\u00a0<\/strong>Estadio Jos\u00e9 Encarnaci\u00f3n \u201cPachencho\u201d Romero de Maracaibo<\/p>\n","protected":false},"excerpt":{"rendered":"<p>Jhoan Ulloa &#8211;\u00a0Sin tiempo para descansar, Carabobo F\u00fatbol Club retom\u00f3 r\u00e1pidamente las labores, tras el triunfo 2-0 sobre Deportivo Anzo\u00e1tegui, para preparar el reto frente a Deportivo JBL Zulia correspondiente a la jornada cuatro del Torneo Apertura 2016. La Vinotinto Regional deber\u00e1 emprender su segundo viaje, en lo que va del joven certamen, con destino &#8230;<\/p>\n","protected":false},"author":4,"featured_media":24241,"comment_status":"closed","ping_status":"closed","sticky":false,"template":"","format":"standard","meta":{"footnotes":""},"categories":[752,29,5,31],"tags":[],"class_list":["post-24584","post","type-post","status-publish","format-standard","has-post-thumbnail","hentry","category-appgd","category-carabobo-fc","category-futbol-nacional","category-primera-division"],"_links":{"self":[{"href":"http:\/\/gradadigital.com\/home\/wp-json\/wp\/v2\/posts\/24584","targetHints":{"allow":["GET"]}}],"collection":[{"href":"http:\/\/gradadigital.com\/home\/wp-json\/wp\/v2\/posts"}],"about":[{"href":"http:\/\/gradadigital.com\/home\/wp-json\/wp\/v2\/types\/post"}],"author":[{"embeddable":true,"href":"http:\/\/gradadigital.com\/home\/wp-json\/wp\/v2\/users\/4"}],"replies":[{"embeddable":true,"href":"http:\/\/gradadigital.com\/home\/wp-json\/wp\/v2\/comments?post=24584"}],"version-history":[{"count":1,"href":"http:\/\/gradadigital.com\/home\/wp-json\/wp\/v2\/posts\/24584\/revisions"}],"predecessor-version":[{"id":24585,"href":"http:\/\/gradadigital.com\/home\/wp-json\/wp\/v2\/posts\/24584\/revisions\/24585"}],"wp:featuredmedia":[{"embeddable":true,"href":"http:\/\/gradadigital.com\/home\/wp-json\/wp\/v2\/media\/24241"}],"wp:attachment":[{"href":"http:\/\/gradadigital.com\/home\/wp-json\/wp\/v2\/media?parent=24584"}],"wp:term":[{"taxonomy":"category","embeddable":true,"href":"http:\/\/gradadigital.com\/home\/wp-json\/wp\/v2\/categories?post=24584"},{"taxonomy":"post_tag","embeddable":true,"href":"http:\/\/gradadigital.com\/home\/wp-json\/wp\/v2\/tags?post=24584"}],"curies":[{"name":"wp","href":"https:\/\/api.w.org\/{rel}","templated":true}]}}