{"id":24442,"date":"2016-02-12T17:40:10","date_gmt":"2016-02-12T22:10:10","guid":{"rendered":"http:\/\/gradadigital.com\/home\/?p=24442"},"modified":"2016-02-12T17:40:10","modified_gmt":"2016-02-12T22:10:10","slug":"quijada-tenemos-que-ganarle-a-los-candidatos","status":"publish","type":"post","link":"http:\/\/gradadigital.com\/home\/quijada-tenemos-que-ganarle-a-los-candidatos\/","title":{"rendered":"Quijada: \u00abTenemos que ganarle a los candidatos\u00bb"},"content":{"rendered":"<p style=\"text-align: center;\"><img decoding=\"async\" src=\"http:\/\/gradadigital.com\/home\/wp-content\/uploads\/2015\/08\/rubert_quijada_caracas_mineros_16082015.jpg\" alt=\"\" \/><\/p>\n<p style=\"text-align: center;\"><img decoding=\"async\" src=\"http:\/\/gradadigital.com\/home\/wp-content\/uploads\/2014\/12\/banner_opcion_comentarios_gd.jpg\" alt=\"\" \/><\/p>\n<p style=\"text-align: justify;\"><strong>Prensa CFC &#8211;<\/strong> Caracas F\u00fatbol Club vuelve al ruedo en el torneo local luego de quedar fuera de la Copa Libertadores a manos del Club Atl\u00e9tico Hurac\u00e1n de Argentina. Los dirigidos t\u00e9cnicamente por Antonio Franco buscar\u00e1n pasar la p\u00e1gina cuando visiten este s\u00e1bado, en partido correspondiente a la Jornada 3 del Apertura, al Deportivo La Guaira en el Estadio Ol\u00edmpico de la UCV.<\/p>\n<p style=\"text-align: justify;\">Pese a conseguir la victoria el pasado martes, el Rojo se tuvo que despedir del certamen continental. El amargo triunfo, sin embargo, dej\u00f3 tambi\u00e9n buenas sensaciones en el grupo por la forma de haber encarado el partido y el gran f\u00fatbol desplegado. Ahora, sin muchos d\u00edas de por medio, le toca otro esca\u00f1o dif\u00edcil: La Guaira, un equipo llamado a ser de los protagonistas en el campeonato nacional.<\/p>\n<p style=\"text-align: justify;\">Rubert Quijada, defensor avile\u00f1o y autor de uno de los goles ante Hurac\u00e1n, declar\u00f3 que la parte an\u00edmica sigue intacta en el grupo, aunque reconoce que haber sido eliminado de esa forma \u00abfue duro\u00bb. <strong>\u00abCaracas es una instituci\u00f3n grande y nuestros jugadores son grandes. Fue un golpe dur\u00edsimo, pero vamos con la convicci\u00f3n y la fe de que esto lo levantamos todos, jalando hacia el mismo lado. Peleamos ahora un solo frente que es el torneo local y vamos a buscar ganarlo\u00bb<\/strong>.<\/p>\n<p style=\"text-align: justify;\">El rival de turno se presenta como uno de los favoritos del Apertura. Esto a Quijada lo motiva para salir a buscar la victoria. <strong>\u00abSi nosotros queremos pelear hasta el final, tenemos que ganarle a los candidatos. El partido contra La Guaira ser\u00e1 un duelo donde vamos a intentar tener la pelota, aprovechar los espacios y concretar todas las acciones de gol que tengamos\u00bb<\/strong>.<\/p>\n<p style=\"text-align: justify;\">Trasladar lo positivo del compromiso contra Hurac\u00e1n al certamen nacional es lo que quiere el &#8216;Rojo&#8217;, ya que se vio como un equipo que sabe a lo que juega realmente.\u00a0<strong>\u00abLo que demostramos el martes fue importante, ya que le ganamos a un rival que viene de jugar la final de la Copa Sudamericana. Por eso dije: &#8216;si queremos ser campeones del Apertura, tenemos que enfrentar a los grandes y vencerlos&#8217;. Siempre vamos por m\u00e1s\u00bb<\/strong>, continu\u00f3.<\/p>\n<p style=\"text-align: justify;\"><strong>\u00abTuvimos 90 minutos de buen f\u00fatbol ante Hurac\u00e1n, pero pagamos caro el descuido sobre el final. Rescato muchas cosas positivas de ese partido, y es que ahora Caracas tiene una nueva forma de jugar, ya lo demostramos y seguiremos as\u00ed\u00bb<\/strong>, finaliz\u00f3 el espigado lateral.<\/p>\n<p style=\"text-align: justify;\">Para el compromiso de ma\u00f1ana el cuerpo t\u00e9cnico tiene a disposici\u00f3n a todos sus jugadores, exceptuando al delantero Armando Maita quien sigue recuper\u00e1ndose de su distenci\u00f3n de ligamento colateral de la rodilla izquierda.<\/p>\n<p style=\"text-align: justify;\">El duelo entre capitalinos, que empezar\u00e1 a las 6:00 pm, tendr\u00e1 como juez principal a Eduardo M\u00e1rmol de M\u00e9rida, siendo asistido en las bandas por Carlos L\u00f3pez y Joseph Orell\u00e1n, ambos del estado Aragua, mientras que Robert Mosqueda, tambi\u00e9n de Aragua, se desempe\u00f1ar\u00e1 como cuarto \u00e1rbitro.<\/p>\n<p style=\"text-align: justify;\">El careo contar\u00e1 con transmisi\u00f3n televisiva de GolTV y tambi\u00e9n podr\u00e1n seguir todas sus incidencias a trav\u00e9s del circuito oficial del Endecacampe\u00f3n de Venezuela, Uni\u00f3n Radio 1090 AM en Caracas y su red de emisoras en todo el territorio nacional a partir de las 5:30 pm.<\/p>\n<p style=\"text-align: justify;\"><strong>CONVOCADOS:<\/strong><br \/>\nWuilker Fari\u00f1ez*, Luis Ter\u00e1n, Jefre Vargas, Andr\u00e9s S\u00e1nchez, Gi\u00e1como Di Giorgi, William D\u00edaz, Rubert Quijada, Ricardo Andreutti, Miguel Mea Vitali, Robert Garc\u00e9s, Diomar D\u00edaz, Christian Flores, Jos\u00e9 Hern\u00e1ndez*, Gerald Sotillo, Evelio Hern\u00e1ndez, Robert Hern\u00e1ndez, Over Garc\u00eda y Paulo C\u00e9sar Arango.<\/p>\n<p style=\"text-align: center;\"><a href=\"https:\/\/play.google.com\/store\/apps\/details?id=com.app.gradadigital\" target=\"_blank\"><img decoding=\"async\" src=\"http:\/\/gradadigital.com\/home\/wp-content\/uploads\/2014\/10\/banner_aplicacion_V2_GRADADIGITAL_17102014.jpg\" alt=\"\" \/><\/a><\/p>\n","protected":false},"excerpt":{"rendered":"<p>Prensa CFC &#8211; Caracas F\u00fatbol Club vuelve al ruedo en el torneo local luego de quedar fuera de la Copa Libertadores a manos del Club Atl\u00e9tico Hurac\u00e1n de Argentina. Los dirigidos t\u00e9cnicamente por Antonio Franco buscar\u00e1n pasar la p\u00e1gina cuando visiten este s\u00e1bado, en partido correspondiente a la Jornada 3 del Apertura, al Deportivo La &#8230;<\/p>\n","protected":false},"author":3,"featured_media":22668,"comment_status":"closed","ping_status":"closed","sticky":false,"template":"","format":"standard","meta":{"footnotes":""},"categories":[752,9,5,31],"tags":[52,60,1193],"class_list":["post-24442","post","type-post","status-publish","format-standard","has-post-thumbnail","hentry","category-appgd","category-caracas-fc","category-futbol-nacional","category-primera-division","tag-caracas","tag-deportivo-la-guaira","tag-rubert-quijada"],"_links":{"self":[{"href":"http:\/\/gradadigital.com\/home\/wp-json\/wp\/v2\/posts\/24442","targetHints":{"allow":["GET"]}}],"collection":[{"href":"http:\/\/gradadigital.com\/home\/wp-json\/wp\/v2\/posts"}],"about":[{"href":"http:\/\/gradadigital.com\/home\/wp-json\/wp\/v2\/types\/post"}],"author":[{"embeddable":true,"href":"http:\/\/gradadigital.com\/home\/wp-json\/wp\/v2\/users\/3"}],"replies":[{"embeddable":true,"href":"http:\/\/gradadigital.com\/home\/wp-json\/wp\/v2\/comments?post=24442"}],"version-history":[{"count":1,"href":"http:\/\/gradadigital.com\/home\/wp-json\/wp\/v2\/posts\/24442\/revisions"}],"predecessor-version":[{"id":24443,"href":"http:\/\/gradadigital.com\/home\/wp-json\/wp\/v2\/posts\/24442\/revisions\/24443"}],"wp:featuredmedia":[{"embeddable":true,"href":"http:\/\/gradadigital.com\/home\/wp-json\/wp\/v2\/media\/22668"}],"wp:attachment":[{"href":"http:\/\/gradadigital.com\/home\/wp-json\/wp\/v2\/media?parent=24442"}],"wp:term":[{"taxonomy":"category","embeddable":true,"href":"http:\/\/gradadigital.com\/home\/wp-json\/wp\/v2\/categories?post=24442"},{"taxonomy":"post_tag","embeddable":true,"href":"http:\/\/gradadigital.com\/home\/wp-json\/wp\/v2\/tags?post=24442"}],"curies":[{"name":"wp","href":"https:\/\/api.w.org\/{rel}","templated":true}]}}