{"id":24361,"date":"2016-02-10T11:29:57","date_gmt":"2016-02-10T15:59:57","guid":{"rendered":"http:\/\/gradadigital.com\/home\/?p=24361"},"modified":"2016-02-10T11:31:01","modified_gmt":"2016-02-10T16:01:01","slug":"palomino-deseo-que-el-zulia-fc-alcance-el-objetivo-que-nos-hemos-planteado","status":"publish","type":"post","link":"http:\/\/gradadigital.com\/home\/palomino-deseo-que-el-zulia-fc-alcance-el-objetivo-que-nos-hemos-planteado\/","title":{"rendered":"Palomino: \u201cDeseo que el Zulia FC alcance el objetivo que nos hemos planteado\u201d"},"content":{"rendered":"<p style=\"text-align: center;\"><img loading=\"lazy\" decoding=\"async\" class=\"alignnone size-full wp-image-24362\" src=\"http:\/\/gradadigital.com\/home\/wp-content\/uploads\/2016\/02\/henry_palomino_entrenamiento_zulia_10022016.jpg\" alt=\"henry_palomino_entrenamiento_zulia_10022016\" width=\"682\" height=\"455\" srcset=\"http:\/\/gradadigital.com\/home\/wp-content\/uploads\/2016\/02\/henry_palomino_entrenamiento_zulia_10022016.jpg 682w, http:\/\/gradadigital.com\/home\/wp-content\/uploads\/2016\/02\/henry_palomino_entrenamiento_zulia_10022016-300x200.jpg 300w\" sizes=\"auto, (max-width: 682px) 100vw, 682px\" \/><\/p>\n<p style=\"text-align: justify;\"><strong>Geraldine Carrasquero <\/strong><strong>\u25cf Maracaibo &#8211;\u00a0<\/strong>La v\u00edspera del partido entre Zulia FC y Llaneros de Guanare, correspondiente a la tercera jornada del torneo Apertura 2016, toma a Henry Palomino en una semana muy especial en lo personal. El volante de marca arriba este mi\u00e9rcoles 10 de febrero a sus 33 a\u00f1os en plena vigencia y con ganas de seguir aportando en el centro del campo.<\/p>\n<p style=\"text-align: justify;\"><strong>\u201cEn lo futbol\u00edstico, deseo que el Zulia FC alcance el objetivo que nos hemos planteado: entrar al octogonal y conseguir una copa internacional\u201d<\/strong>, confiesa \u201cPalo\u201d, quien celebra su sexta vuelta al sol inmiscuido en la actualidad del elenco regional.<\/p>\n<p style=\"text-align: justify;\">La suspensi\u00f3n del choque frente a Mineros por la fecha 2 ya es cosa del pasado, pero Palomino est\u00e1 consciente de que el no haber jugado siempre trastoca un poco los planes. <strong>\u201cNos causa p\u00e9rdida de ritmo, con respecto a los dem\u00e1s equipos que acumulan m\u00e1s minutos. Pero ya nos hemos enfocado de la mejor manera, para enfrentar a nuestro pr\u00f3ximo rival\u201d.<\/strong><\/p>\n<p style=\"text-align: justify;\"><strong>Sed de revancha<\/strong><\/p>\n<p style=\"text-align: justify;\"><strong>\u201cEse partido con Llaneros ser\u00e1 nuestra revancha\u201d<\/strong>, advierte el \u201c5\u201d negriazul. <strong>\u201cQueremos que este domingo los aficionados compartan con todos sus seres queridos en una fecha tan especial, que se vayan contentos porque nos quedemos con los tres puntos\u201d.<\/strong><\/p>\n<p style=\"text-align: justify;\">Llaneros suele ser un oponente inc\u00f3modo para el cuadro petrolero, tanto as\u00ed que el \u201cBatall\u00f3n Santo\u201d no ha perdido en sus \u00faltimas seis visitas al \u201cPachencho\u201d Romero.<\/p>\n<p style=\"text-align: justify;\"><strong>\u201cLlaneros nos ha dado varios golpes en nuestra casa, incluso en el \u00faltimo partido estuvieron a punto de ganarnos (3-3). Hemos entrado confiados y hemos menospreciado al rival\u201d<\/strong>, argumenta el pulm\u00f3n de la medular zuliana.<\/p>\n<p style=\"text-align: justify;\">Al ser uno de los m\u00e1s experimentados, sobre sus espaldas tambi\u00e9n recae la responsabilidad de manejar los \u00e1nimos de la plantilla. En relaci\u00f3n a la ansiedad que arrastran consigo los fichajes argentinos por debutar, \u201cPalo\u201d desliza: <strong>\u201cTengo la fortuna de hablar ellos seguido, son chicos humildes, que vienen a aportar. Les hemos transmitido que su momento ya va a llegar\u201d. \u00a0<\/strong><\/p>\n<p style=\"text-align: justify;\"><strong>Jugador \u00edntegro y buen amigo<\/strong><\/p>\n<p style=\"text-align: justify;\">Palomino ha hecho casi la mitad de su carrera deportiva en la escuadra negriazul, una que le ha dejado \u201ccosas m\u00e1s importantes\u201d que el f\u00fatbol. <strong>\u201cMe quedo con la amistad de mis compa\u00f1eros, siempre he recordado a los que hoy en d\u00eda no est\u00e1n, con casi todos mantengo contacto. Eso es lo m\u00e1s bonito que te deja esta profesi\u00f3n\u201d<\/strong>, sentencia.<\/p>\n<p style=\"text-align: justify;\">Como regalo en su cumplea\u00f1os 33, el volante de marca pide: <strong>\u201cDar el 100% en cada encuentro, que el aficionado vea en Henry Palomino a un jugador completo, que se entrega al m\u00e1ximo siempre\u201d<\/strong>.<\/p>\n<p style=\"text-align: justify;\"><strong>M\u00c1S&#8230;<\/strong><\/p>\n<p style=\"text-align: justify;\"><strong>PALOMINO EN UNA FRASE<\/strong><\/p>\n<p style=\"text-align: justify;\"><strong>\u201cSavarino ya est\u00e1 entrenando con el grupo. El plantel est\u00e1 al 100% y eso es lo mejor que nos puede pasar. Espero que pronto nos pueda aportar todo lo que sabe con el bal\u00f3n\u201d.<\/strong><\/p>\n<p style=\"text-align: justify;\"><strong>LA CIFRA<\/strong><\/p>\n<p style=\"text-align: justify;\"><strong>140 <\/strong>partidos acumula Henry Palomino vestido de negro y azul en Primera Divisi\u00f3n.<\/p>\n","protected":false},"excerpt":{"rendered":"<p>Geraldine Carrasquero \u25cf Maracaibo &#8211;\u00a0La v\u00edspera del partido entre Zulia FC y Llaneros de Guanare, correspondiente a la tercera jornada del torneo Apertura 2016, toma a Henry Palomino en una semana muy especial en lo personal. El volante de marca arriba este mi\u00e9rcoles 10 de febrero a sus 33 a\u00f1os en plena vigencia y con &#8230;<\/p>\n","protected":false},"author":4,"featured_media":24362,"comment_status":"closed","ping_status":"closed","sticky":false,"template":"","format":"standard","meta":{"footnotes":""},"categories":[752,5,31,22],"tags":[],"class_list":["post-24361","post","type-post","status-publish","format-standard","has-post-thumbnail","hentry","category-appgd","category-futbol-nacional","category-primera-division","category-zulia-fc"],"_links":{"self":[{"href":"http:\/\/gradadigital.com\/home\/wp-json\/wp\/v2\/posts\/24361","targetHints":{"allow":["GET"]}}],"collection":[{"href":"http:\/\/gradadigital.com\/home\/wp-json\/wp\/v2\/posts"}],"about":[{"href":"http:\/\/gradadigital.com\/home\/wp-json\/wp\/v2\/types\/post"}],"author":[{"embeddable":true,"href":"http:\/\/gradadigital.com\/home\/wp-json\/wp\/v2\/users\/4"}],"replies":[{"embeddable":true,"href":"http:\/\/gradadigital.com\/home\/wp-json\/wp\/v2\/comments?post=24361"}],"version-history":[{"count":2,"href":"http:\/\/gradadigital.com\/home\/wp-json\/wp\/v2\/posts\/24361\/revisions"}],"predecessor-version":[{"id":24364,"href":"http:\/\/gradadigital.com\/home\/wp-json\/wp\/v2\/posts\/24361\/revisions\/24364"}],"wp:featuredmedia":[{"embeddable":true,"href":"http:\/\/gradadigital.com\/home\/wp-json\/wp\/v2\/media\/24362"}],"wp:attachment":[{"href":"http:\/\/gradadigital.com\/home\/wp-json\/wp\/v2\/media?parent=24361"}],"wp:term":[{"taxonomy":"category","embeddable":true,"href":"http:\/\/gradadigital.com\/home\/wp-json\/wp\/v2\/categories?post=24361"},{"taxonomy":"post_tag","embeddable":true,"href":"http:\/\/gradadigital.com\/home\/wp-json\/wp\/v2\/tags?post=24361"}],"curies":[{"name":"wp","href":"https:\/\/api.w.org\/{rel}","templated":true}]}}