{"id":24341,"date":"2016-02-09T23:09:07","date_gmt":"2016-02-10T03:39:07","guid":{"rendered":"http:\/\/gradadigital.com\/home\/?p=24341"},"modified":"2016-02-09T23:09:07","modified_gmt":"2016-02-10T03:39:07","slug":"video-roberto-rosales-elogio-a-su-compatriota-juan-pablo-anor","status":"publish","type":"post","link":"http:\/\/gradadigital.com\/home\/video-roberto-rosales-elogio-a-su-compatriota-juan-pablo-anor\/","title":{"rendered":"+VIDEO | Roberto Rosales elogi\u00f3 a su compatriota Juan Pablo A\u00f1or"},"content":{"rendered":"<p style=\"text-align: center;\"><img decoding=\"async\" src=\"http:\/\/gradadigital.com\/home\/wp-content\/uploads\/2016\/02\/roberto_rosales_malaga_09022016.jpg\" alt=\"\" \/><\/p>\n<p style=\"text-align: center;\"><img decoding=\"async\" src=\"http:\/\/gradadigital.com\/home\/wp-content\/uploads\/2014\/12\/banner_opcion_comentarios_gd.jpg\" alt=\"\" \/><\/p>\n<p style=\"text-align: justify;\"><strong>EFE &#8211;<\/strong> El defensa venezolano del M\u00e1laga,\u00a0Roberto Rosales, advirti\u00f3 este martes de que el\u00a0Villarreal, rival al que visitan el s\u00e1bado, es <strong>\u00abun equipo muy peligroso\u00bb<\/strong> y destac\u00f3 el buen momento de su compatriota Juan Pablo A\u00f1or &#8216;Juanpi&#8217;, que <strong>\u00abes una grata sorpresa tanto para el M\u00e1laga como para el f\u00fatbol venezolano\u00bb<\/strong>.<\/p>\n<p style=\"text-align: justify;\">El lateral derecho malaguista subray\u00f3 sobre la explosi\u00f3n del joven centrocampista zurdo, que lleva tres jornadas seguidas marcando, que <strong>\u00abva a ser un jugador muy importante, ya lo es y lo va a seguir si\u00e9ndolo\u00bb<\/strong>, y dijo en rueda de prensa que lo que le est\u00e1 ocurriendo <strong>\u00abse lo ha ganado\u00bb<\/strong> porque siempre <strong>\u00abha trabajado muy duro\u00bb<\/strong>.<\/p>\n<p style=\"text-align: justify;\"><strong>\u00abJugar con Juanpi es muy f\u00e1cil, es muy t\u00e9cnico y sabe leer el partido. Tambi\u00e9n ayuda que somos del mismo pa\u00eds, tenemos las mismas caracter\u00edsticas del f\u00fatbol de all\u00e1, y eso ayuda un poco\u00bb,<\/strong> afirm\u00f3 Rosales sobre su compatriota, que tiene 22 a\u00f1os reci\u00e9n cumplidos y ya ha sido debutado con la selecci\u00f3n absoluta de Venezuela.<\/p>\n<p style=\"text-align: justify;\">Sobre el encuentro del s\u00e1bado en el estadio El Madrigal de Villarreal, el lateral venezolano avis\u00f3 de que el conjunto amarillo tiene <strong>\u00abunos delanteros y unas bandas que combinan muy bien, y no est\u00e1 arriba por nada\u00bb<\/strong>, al ser el cuarto clasificado con 45 puntos, mientras que el conjunto malague\u00f1o es d\u00e9cimo con 30.<\/p>\n<p style=\"text-align: justify;\">Indic\u00f3 que, a pesar de esa diferencia en la clasificaci\u00f3n, van a ir a Villarreal <strong>\u00abcon la intenci\u00f3n de hacer un juego serio, con mucho sacrificio, para intentar conseguir un buen resultado\u00bb<\/strong>.<\/p>\n<p style=\"text-align: justify;\">En su opini\u00f3n, el M\u00e1laga est\u00e1 en un buen momento porque <strong>\u00abha trabajado muy duro\u00bb\u00a0<\/strong>y las victorias <strong>\u00abte dan confianza\u00bb<\/strong>, y consider\u00f3 que <strong>\u00abesa es la clave, ganar y acostumbrarnos a tener esa l\u00ednea para que el equipo crezca en juego, confianza y siga as\u00ed\u00bb<\/strong>, recalc\u00f3.<\/p>\n<p style=\"text-align: justify;\">Rosales tambi\u00e9n tiene claro que el objetivo del equipo malaguista es <strong>\u00abla salvaci\u00f3n\u00bb<\/strong> y que, despu\u00e9s de lograr esta meta, intentar\u00e1n <strong>\u00abser ambiciosos\u00bb<\/strong> y tratar de <strong>\u00abterminar lo m\u00e1s arriba posible de la tabla\u00bb<\/strong>.<\/p>\n<p style=\"text-align: center;\"><strong>VIDEO<\/strong><\/p>\n<iframe loading=\"lazy\" width=\"621\" height=\"384\" src=\"http:\/\/www.youtube.com\/embed\/ydGpkSf8JJY?rel=0\" frameborder=\"0\" allowfullscreen><\/iframe>\n<p style=\"text-align: center;\"><a href=\"https:\/\/play.google.com\/store\/apps\/details?id=com.app.gradadigital\" target=\"_blank\"><img decoding=\"async\" src=\"http:\/\/gradadigital.com\/home\/wp-content\/uploads\/2014\/10\/banner_aplicacion_V2_GRADADIGITAL_17102014.jpg\" alt=\"\" \/><\/a><\/p>\n","protected":false},"excerpt":{"rendered":"<p>EFE &#8211; El defensa venezolano del M\u00e1laga,\u00a0Roberto Rosales, advirti\u00f3 este martes de que el\u00a0Villarreal, rival al que visitan el s\u00e1bado, es \u00abun equipo muy peligroso\u00bb y destac\u00f3 el buen momento de su compatriota Juan Pablo A\u00f1or &#8216;Juanpi&#8217;, que \u00abes una grata sorpresa tanto para el M\u00e1laga como para el f\u00fatbol venezolano\u00bb. El lateral derecho malaguista &#8230;<\/p>\n","protected":false},"author":3,"featured_media":24342,"comment_status":"closed","ping_status":"closed","sticky":false,"template":"","format":"standard","meta":{"footnotes":""},"categories":[27,752,36,4],"tags":[923,924,531,827,77],"class_list":["post-24341","post","type-post","status-publish","format-standard","has-post-thumbnail","hentry","category-video","category-appgd","category-internacional","category-legionarios","tag-juan-pablo-anor","tag-juanpi","tag-malaga","tag-malaga-cf","tag-roberto-rosales"],"_links":{"self":[{"href":"http:\/\/gradadigital.com\/home\/wp-json\/wp\/v2\/posts\/24341","targetHints":{"allow":["GET"]}}],"collection":[{"href":"http:\/\/gradadigital.com\/home\/wp-json\/wp\/v2\/posts"}],"about":[{"href":"http:\/\/gradadigital.com\/home\/wp-json\/wp\/v2\/types\/post"}],"author":[{"embeddable":true,"href":"http:\/\/gradadigital.com\/home\/wp-json\/wp\/v2\/users\/3"}],"replies":[{"embeddable":true,"href":"http:\/\/gradadigital.com\/home\/wp-json\/wp\/v2\/comments?post=24341"}],"version-history":[{"count":1,"href":"http:\/\/gradadigital.com\/home\/wp-json\/wp\/v2\/posts\/24341\/revisions"}],"predecessor-version":[{"id":24343,"href":"http:\/\/gradadigital.com\/home\/wp-json\/wp\/v2\/posts\/24341\/revisions\/24343"}],"wp:featuredmedia":[{"embeddable":true,"href":"http:\/\/gradadigital.com\/home\/wp-json\/wp\/v2\/media\/24342"}],"wp:attachment":[{"href":"http:\/\/gradadigital.com\/home\/wp-json\/wp\/v2\/media?parent=24341"}],"wp:term":[{"taxonomy":"category","embeddable":true,"href":"http:\/\/gradadigital.com\/home\/wp-json\/wp\/v2\/categories?post=24341"},{"taxonomy":"post_tag","embeddable":true,"href":"http:\/\/gradadigital.com\/home\/wp-json\/wp\/v2\/tags?post=24341"}],"curies":[{"name":"wp","href":"https:\/\/api.w.org\/{rel}","templated":true}]}}