{"id":24231,"date":"2016-02-04T14:33:47","date_gmt":"2016-02-04T19:03:47","guid":{"rendered":"http:\/\/gradadigital.com\/home\/?p=24231"},"modified":"2016-02-04T14:33:47","modified_gmt":"2016-02-04T19:03:47","slug":"mikel-villanueva-que-nos-llamen-que-queremos-aportar-nuestro-granito-de-arena","status":"publish","type":"post","link":"http:\/\/gradadigital.com\/home\/mikel-villanueva-que-nos-llamen-que-queremos-aportar-nuestro-granito-de-arena\/","title":{"rendered":"Mikel Villanueva: \u00abQue nos llamen, que queremos aportar nuestro granito de arena\u00bb"},"content":{"rendered":"<p style=\"text-align: center;\"><img loading=\"lazy\" decoding=\"async\" class=\"alignnone size-full wp-image-24232\" src=\"http:\/\/gradadigital.com\/home\/wp-content\/uploads\/2016\/02\/mikel_villanueva_venezuela_costarica_02022016.jpg\" alt=\"mikel_villanueva_venezuela_costarica_02022016\" width=\"682\" height=\"455\" srcset=\"http:\/\/gradadigital.com\/home\/wp-content\/uploads\/2016\/02\/mikel_villanueva_venezuela_costarica_02022016.jpg 682w, http:\/\/gradadigital.com\/home\/wp-content\/uploads\/2016\/02\/mikel_villanueva_venezuela_costarica_02022016-300x200.jpg 300w\" sizes=\"auto, (max-width: 682px) 100vw, 682px\" \/><\/p>\n<p style=\"text-align: justify;\"><strong>Lcdo. Julio C\u00e9sar Cordero &#8211;\u00a0<\/strong>El lateral izquierdo Mikel Villanueva debut\u00f3 el d\u00eda de ayer con la casaca vinotinto en la victoria de 1-0 ante la selecci\u00f3n de Costa Rica, en partido desarrollado en el estadio Agust\u00edn Tovar \u201cLa Carolina\u201d de Barinas; donde adem\u00e1s el tachirense jug\u00f3 los 90 minutos del compromiso ante los ticos.<\/p>\n<p style=\"text-align: justify;\">El jugador tachirense ficha del Deportivo Lara, fue uno de los jugadores que convoc\u00f3 el seleccionador nacional Noel Chita San Vicente para disputar el amistoso ante los costarricenses, el lateral izquierdo actualmente milita en el\u00a0<strong>Atl\u00e9tico Malague\u00f1o<\/strong>\u00a0de la segunda B en Espa\u00f1a en condici\u00f3n de pr\u00e9stamo, siendo as\u00ed uno de los jugadores que gracias a la instituci\u00f3n larense pudo llegar al f\u00fatbol internacional.<\/p>\n<p style=\"text-align: justify;\">En una entrevista realizada por nuestro departamento de prensa desde la concentraci\u00f3n vinotinto, el jugador nos coment\u00f3 sobre lo gratificante que es vestir la camiseta de la selecci\u00f3n nacional. <strong>\u201cLa verdad muy contento por vestir la camiseta de la selecci\u00f3n de mi pa\u00eds que es todo lo que futbolista sue\u00f1a, debo dar gracias a Dios por la oportunidad que me est\u00e1 dando y si algo debo mencionar que el paso por el Deportivo Lara fue muy importante en mi carrera la cual hizo que me tomara confianza y sobre todo ver los minutos necesarios para salir al exterior y eso fue muy importante para m\u00ed\u201d<\/strong>, dijo el actual jugador del Atl\u00e9tico Malague\u00f1o de Espa\u00f1a.<\/p>\n<p style=\"text-align: justify;\">De igual manera, Mikel habl\u00f3 sobre el cambio y la evoluci\u00f3n que ha tenido desde su llegada al pa\u00eds ib\u00e9rico. <strong>\u201cDesde mi llegada a Espa\u00f1a ha sido de mucha ayuda, el f\u00fatbol de all\u00e1 se maneja mucho m\u00e1s la tenencia de la pelota y eso me ha ayudado a crecer futbol\u00edsticamente, gracias a esas oportunidad he tenido la oportunidad de entrenar con el primer y eso me ha ayudado a crecer y sobre todo a aprender de jugadores experimentados que all\u00ed militan\u201d<\/strong>, dijo.<\/p>\n<p style=\"text-align: justify;\">Villanueva tiene la oportunidad de entrenar y sobre todo compartir a lado de grandes jugadores que hacen vida en el primer equipo del M\u00e1laga; entre esos se encuentran Roberto Rosales y los j\u00f3venes Jaime Moreno y Juan Pablo A\u00f1or entre otros, consultado sobre c\u00f3mo se ha sentido compartir con ellos a su corta edad, el lateral dijo. <strong>\u201cEntre todos nos ayudamos mucho y sobre todo me dan muchos consejos para uno que est\u00e1 comenzando en el f\u00fatbol, consejos de jugadores que actualmente son referentes en la selecci\u00f3n y eso motiva a uno a dar el todo por el todo ya sea all\u00e1 con el club o ac\u00e1 con la selecci\u00f3n\u201d<\/strong>.<\/p>\n<p style=\"text-align: justify;\"><strong>\u201cActualmente me siento con mucha m\u00e1s confianza, desde mi llegada a Espa\u00f1a y al club he evolucionado y crecido mucho m\u00e1s, en cuanto a mis caracter\u00edsticas me he vuelto mucho m\u00e1s fuerte el juego a\u00e9reo y ahora lo que me queda es seguir trabajando y aportar todo eso con la selecci\u00f3n\u201d<\/strong>, solt\u00f3 en referencia al crecimiento que ha tenido desde su paso por la instituci\u00f3n larense hasta su actual equipo.<\/p>\n<p style=\"text-align: justify;\">\u00bfSigues jugando de lateral izquierdo en tu actual club? <strong>\u201cEn el Atl\u00e9tico Malague\u00f1o juego de central, ya sea de lateral izquierdo o de central me siento muy c\u00f3modo, pero si debo escoger una me quedo con el de lateral ya que en esa oposici\u00f3n tengo m\u00e1s llegada a gol y me proyecto m\u00e1s al ataque, si el t\u00e9cnico me necesita de central o en mi posici\u00f3n natural dar\u00e9 el todo por el todo\u201d. <\/strong><\/p>\n<p style=\"text-align: justify;\">Consultado sobre que le pide el t\u00e9cnico Noel San Vicente, dijo. <strong>\u201cEl profesor San Vicente me pide que tenga tranquilidad y que haga lo que tenga que hacer dentro de la cancha, me pide que me tome confianza y ojala pueda contar conmigo en otras ocasiones\u201d. <\/strong><\/p>\n<p style=\"text-align: justify;\">\u00bfCu\u00e1l es la clave para mantenerse en el f\u00fatbol internacional? <strong>\u201cLa clave fundamental es el trabajo, uno como jugador y futbolista lo que quiere es quedarse all\u00e1; lastimosamente hay muchas personas que tienen esa mala fortuna y les toca regresarse, pero siempre trabajando y dando lo mejor de uno d\u00eda a d\u00eda se van consiguiendo los objetivo\u201d.<\/strong><\/p>\n<p style=\"text-align: justify;\">Por \u00faltimo, el venezolano agradecido a la instituci\u00f3n rojinegra por las oportunidades que le dio para su crecimiento futbol\u00edstico y as\u00ed por llegar hasta donde se encuentra ahorita. <strong>\u201cSiempre le estar\u00e9 agradecido al Deportivo Lara por brindarme la confianza de crecer y demostrar mis cualidades y gracias a ellos actualmente me encuentro fuera del pa\u00eds y a ellos siempre le estar\u00e9 agradecido\u201d<\/strong>, culmin\u00f3.<\/p>\n<p style=\"text-align: justify;\"><strong>JUG\u00d3 LOS 90 MINUTOS<\/strong><\/p>\n<p style=\"text-align: justify;\">El defensor vio los 90 minutos en la victoria 1-0 ante Costa Rica en Barinas, y volvi\u00f3 a declarar ante nuestro departamento de prensa esta vez, luego del triunfo logrado en tierras llaneras.<\/p>\n<p style=\"text-align: justify;\"><strong>\u201cContento de pertenecer a esta gran victoria, fue un partido dif\u00edcil y lo supimos sacar hacia adelante, me siento feliz de poder debutar, es lo que siempre quise, gracias a Dios me dieron la oportunidad y se me dio.\u201d <\/strong>Coment\u00f3 el zaguero vinotinto.<\/p>\n<p style=\"text-align: justify;\"><strong>\u201cNo s\u00e9 si es el cambio que necesita la Selecci\u00f3n, pero ah\u00ed estamos, para lo que nos necesiten, que nos llamen, que queremos aportar nuestro granito de arena.\u201d<\/strong> Confes\u00f3 sobre si la sangre joven es la necesaria para la escuadra nacional.<\/p>\n<p style=\"text-align: justify;\"><strong>\u201cMe siento con mucha confianza a la hora de jugar, ayuda mucho crecer futbol\u00edsticamente, en mi carrera ayuda mucho, espero esta sea mi primera convocatoria de muchas, debo seguir trabajando fuerte, con trabajo todo se logra.\u201d <\/strong>Finaliz\u00f3 el jugador que hoy milita en la filial del M\u00e1laga CF sobre la clave para seguir tomado en cuenta.<\/p>\n","protected":false},"excerpt":{"rendered":"<p>Lcdo. Julio C\u00e9sar Cordero &#8211;\u00a0El lateral izquierdo Mikel Villanueva debut\u00f3 el d\u00eda de ayer con la casaca vinotinto en la victoria de 1-0 ante la selecci\u00f3n de Costa Rica, en partido desarrollado en el estadio Agust\u00edn Tovar \u201cLa Carolina\u201d de Barinas; donde adem\u00e1s el tachirense jug\u00f3 los 90 minutos del compromiso ante los ticos. El &#8230;<\/p>\n","protected":false},"author":4,"featured_media":24232,"comment_status":"closed","ping_status":"closed","sticky":false,"template":"","format":"standard","meta":{"footnotes":""},"categories":[752,8,40,3],"tags":[],"class_list":["post-24231","post","type-post","status-publish","format-standard","has-post-thumbnail","hentry","category-appgd","category-cd-lara","category-seleccion-nacional-mayores","category-seleccion-nacional"],"_links":{"self":[{"href":"http:\/\/gradadigital.com\/home\/wp-json\/wp\/v2\/posts\/24231","targetHints":{"allow":["GET"]}}],"collection":[{"href":"http:\/\/gradadigital.com\/home\/wp-json\/wp\/v2\/posts"}],"about":[{"href":"http:\/\/gradadigital.com\/home\/wp-json\/wp\/v2\/types\/post"}],"author":[{"embeddable":true,"href":"http:\/\/gradadigital.com\/home\/wp-json\/wp\/v2\/users\/4"}],"replies":[{"embeddable":true,"href":"http:\/\/gradadigital.com\/home\/wp-json\/wp\/v2\/comments?post=24231"}],"version-history":[{"count":1,"href":"http:\/\/gradadigital.com\/home\/wp-json\/wp\/v2\/posts\/24231\/revisions"}],"predecessor-version":[{"id":24233,"href":"http:\/\/gradadigital.com\/home\/wp-json\/wp\/v2\/posts\/24231\/revisions\/24233"}],"wp:featuredmedia":[{"embeddable":true,"href":"http:\/\/gradadigital.com\/home\/wp-json\/wp\/v2\/media\/24232"}],"wp:attachment":[{"href":"http:\/\/gradadigital.com\/home\/wp-json\/wp\/v2\/media?parent=24231"}],"wp:term":[{"taxonomy":"category","embeddable":true,"href":"http:\/\/gradadigital.com\/home\/wp-json\/wp\/v2\/categories?post=24231"},{"taxonomy":"post_tag","embeddable":true,"href":"http:\/\/gradadigital.com\/home\/wp-json\/wp\/v2\/tags?post=24231"}],"curies":[{"name":"wp","href":"https:\/\/api.w.org\/{rel}","templated":true}]}}