{"id":24225,"date":"2016-02-04T14:05:15","date_gmt":"2016-02-04T18:35:15","guid":{"rendered":"http:\/\/gradadigital.com\/home\/?p=24225"},"modified":"2016-02-04T14:05:15","modified_gmt":"2016-02-04T18:35:15","slug":"soteldo-creo-que-este-es-el-inicio-de-mi-carrera","status":"publish","type":"post","link":"http:\/\/gradadigital.com\/home\/soteldo-creo-que-este-es-el-inicio-de-mi-carrera\/","title":{"rendered":"Soteldo: \u00abCreo que este es el inicio de mi carrera\u00bb"},"content":{"rendered":"<p style=\"text-align: center;\"><img loading=\"lazy\" decoding=\"async\" class=\"alignnone size-full wp-image-24226\" src=\"http:\/\/gradadigital.com\/home\/wp-content\/uploads\/2016\/02\/yeferson_soteldo_venezuela_costarica_02022016_2.jpg\" alt=\"yeferson_soteldo_venezuela_costarica_02022016_2\" width=\"682\" height=\"455\" srcset=\"http:\/\/gradadigital.com\/home\/wp-content\/uploads\/2016\/02\/yeferson_soteldo_venezuela_costarica_02022016_2.jpg 682w, http:\/\/gradadigital.com\/home\/wp-content\/uploads\/2016\/02\/yeferson_soteldo_venezuela_costarica_02022016_2-300x200.jpg 300w\" sizes=\"auto, (max-width: 682px) 100vw, 682px\" \/><\/p>\n<p style=\"text-align: justify;\"><strong>Eudy Nu\u00f1ez | Prensa Zamora FC,\u00a0<\/strong><strong>Barinas |<\/strong> Los jugadores pertenecientes a Zamora F\u00fatbol Club, Arles Flores, \u00c1ngel Far\u00eda, Johan Moreno y Yeferson Soteldo son un vivo ejemplo de que la constancia, el trabajo y el esfuerzo son las claves del \u00e9xito. En la \u00faltima presentaci\u00f3n de la Selecci\u00f3n Nacional, cuatro atletas de la Furia Llanera hicieron su debut con la Vinotinto de mayores en el estadio Agust\u00edn Tovar \u00abLa Carolina\u00bb, mientras que el defensor Edwin Peraza estuvo en el banquillo de suplentes; all\u00ed bajo las indicaciones de Noel Sanvicente lograron reencontrarse con la victoria tras vencer (1-0) a Costa Rica en un choque amistoso.<\/p>\n<p style=\"text-align: justify;\">En el semestre pasado, Soteldo conquist\u00f3 el t\u00edtulo del juvenil m\u00e1s destacado del Torneo Adecuaci\u00f3n, logros que lo llevaron a recibir la convocatoria por parte del seleccionador Sub-20 Rafael Dudamel para participar en la gira Vinotinto por tierras colombianas. Luego, se uni\u00f3 al combinado nacional de mayores para enfrentar a los \u2018ticos\u2019, en un duelo en el que jug\u00f3 los 90 minutos y, adem\u00e1s fue de uno los m\u00e1s notorios, llev\u00e1ndose los halagos no solo del p\u00fablico presente, sino tambi\u00e9n de los expertos en materia futbol\u00edstica.<\/p>\n<p style=\"text-align: justify;\">Pese a su corta edad, el joven jugador blanquinegro asume con mucha madurez todo el c\u00famulo de experiencias por las que ha atravesado en los \u00faltimos tiempos.<strong>\u201cPara m\u00ed fui muy importante volver a debutar con el \u2018profe\u2019 (Sanvicente), gracias a \u00e9l tuve la oportunidad de hacerlo en el f\u00fatbol profesional y ahora con la selecci\u00f3n fue un poco m\u00e1s exigente\u201d<\/strong>, afirm\u00f3.<\/p>\n<p style=\"text-align: justify;\">De igual forma, el mediocampista llanero relat\u00f3 las sensaciones que se generaron en \u00e9l tras ver su nombre en la lista de convocados a la Selecci\u00f3n Nacional: <strong>\u201cUno como jugador trabaja para este tipo de cosas, para m\u00ed es un sue\u00f1o hecho realidad. Cuando me hicieron el llamado me sent\u00ed muy feliz, es importante cuando estas oportunidades te llegan y hay que saberlas aprovechar\u201d<\/strong>.<\/p>\n<p style=\"text-align: justify;\">Respecto a las indicaciones recibidas por parte de Sanvicente, Soteldo manifest\u00f3 que <strong>\u201cel \u2018profe\u2019 me pidi\u00f3 que hiciera lo mismo que hago en cada partido que disputo con Zamora FC, que mantuviera mi forma de jugar que es lo que me caracteriza\u201d<\/strong>. Asimismo, \u2018Manzanita\u2019 expres\u00f3: <strong>\u201cEsto apenas comienza, creo que este es el inicio de mi carrera, ahora tengo que trabajar el triple para estar convocado en un juego de eliminatoria\u201d.<\/strong><\/p>\n<p style=\"text-align: justify;\">Para finalizar, Soteldo aprovech\u00f3 para enviar su mensaje de aliento a todos los j\u00f3venes que conforman el club barin\u00e9s: <strong>\u201cA mis compa\u00f1eros les digo que esto no es imposible, y que con trabajo, esfuerzo y disciplina todo se puede lograr\u201d<\/strong>.<\/p>\n","protected":false},"excerpt":{"rendered":"<p>Eudy Nu\u00f1ez | Prensa Zamora FC,\u00a0Barinas | Los jugadores pertenecientes a Zamora F\u00fatbol Club, Arles Flores, \u00c1ngel Far\u00eda, Johan Moreno y Yeferson Soteldo son un vivo ejemplo de que la constancia, el trabajo y el esfuerzo son las claves del \u00e9xito. En la \u00faltima presentaci\u00f3n de la Selecci\u00f3n Nacional, cuatro atletas de la Furia Llanera &#8230;<\/p>\n","protected":false},"author":4,"featured_media":24226,"comment_status":"closed","ping_status":"closed","sticky":false,"template":"","format":"standard","meta":{"footnotes":""},"categories":[752,40,3,21],"tags":[],"class_list":["post-24225","post","type-post","status-publish","format-standard","has-post-thumbnail","hentry","category-appgd","category-seleccion-nacional-mayores","category-seleccion-nacional","category-zamora-fc"],"_links":{"self":[{"href":"http:\/\/gradadigital.com\/home\/wp-json\/wp\/v2\/posts\/24225","targetHints":{"allow":["GET"]}}],"collection":[{"href":"http:\/\/gradadigital.com\/home\/wp-json\/wp\/v2\/posts"}],"about":[{"href":"http:\/\/gradadigital.com\/home\/wp-json\/wp\/v2\/types\/post"}],"author":[{"embeddable":true,"href":"http:\/\/gradadigital.com\/home\/wp-json\/wp\/v2\/users\/4"}],"replies":[{"embeddable":true,"href":"http:\/\/gradadigital.com\/home\/wp-json\/wp\/v2\/comments?post=24225"}],"version-history":[{"count":1,"href":"http:\/\/gradadigital.com\/home\/wp-json\/wp\/v2\/posts\/24225\/revisions"}],"predecessor-version":[{"id":24227,"href":"http:\/\/gradadigital.com\/home\/wp-json\/wp\/v2\/posts\/24225\/revisions\/24227"}],"wp:featuredmedia":[{"embeddable":true,"href":"http:\/\/gradadigital.com\/home\/wp-json\/wp\/v2\/media\/24226"}],"wp:attachment":[{"href":"http:\/\/gradadigital.com\/home\/wp-json\/wp\/v2\/media?parent=24225"}],"wp:term":[{"taxonomy":"category","embeddable":true,"href":"http:\/\/gradadigital.com\/home\/wp-json\/wp\/v2\/categories?post=24225"},{"taxonomy":"post_tag","embeddable":true,"href":"http:\/\/gradadigital.com\/home\/wp-json\/wp\/v2\/tags?post=24225"}],"curies":[{"name":"wp","href":"https:\/\/api.w.org\/{rel}","templated":true}]}}