{"id":24181,"date":"2016-02-02T23:29:25","date_gmt":"2016-02-03T03:59:25","guid":{"rendered":"http:\/\/gradadigital.com\/home\/?p=24181"},"modified":"2016-02-03T22:10:17","modified_gmt":"2016-02-04T02:40:17","slug":"fotos-la-vinotinto-se-reencuentra-con-la-victoria","status":"publish","type":"post","link":"http:\/\/gradadigital.com\/home\/fotos-la-vinotinto-se-reencuentra-con-la-victoria\/","title":{"rendered":"+FOTOS | La Vinotinto se reencuentra con la victoria"},"content":{"rendered":"<p style=\"text-align: center;\"><img loading=\"lazy\" decoding=\"async\" class=\"alignnone size-full wp-image-24188\" src=\"http:\/\/gradadigital.com\/home\/wp-content\/uploads\/2016\/02\/wilker_angel_venezuela_costarica_02022016.jpg\" alt=\"wilker_angel_venezuela_costarica_02022016\" width=\"682\" height=\"455\" srcset=\"http:\/\/gradadigital.com\/home\/wp-content\/uploads\/2016\/02\/wilker_angel_venezuela_costarica_02022016.jpg 682w, http:\/\/gradadigital.com\/home\/wp-content\/uploads\/2016\/02\/wilker_angel_venezuela_costarica_02022016-300x200.jpg 300w\" sizes=\"auto, (max-width: 682px) 100vw, 682px\" \/><\/p>\n<p style=\"text-align: center;\"><img decoding=\"async\" src=\"http:\/\/gradadigital.com\/home\/wp-content\/uploads\/2014\/12\/banner_opcion_comentarios_gd.jpg\" alt=\"\" \/><\/p>\n<p style=\"text-align: justify;\"><strong>EFE &#8211;<\/strong>\u00a0La Selecci\u00f3n de Venezuela venci\u00f3 el martes por 1-0 a Costa Rica en Barinas, reencontr\u00e1ndose con la victoria en un estadio que cont\u00f3 con una buena asistencia de p\u00fablico.<\/p>\n<p style=\"text-align: justify;\">El gol lo marc\u00f3 el defensa Wilker \u00c1ngel, tras un cobro de tiro libre del volante \u00c1ngelo Pe\u00f1a cuyo disparo no pudo controlar el portero Marco Madrigal, lo que aprovech\u00f3 el zaguero para cabecear el rebote alto y anotar el tanto del triunfo.<\/p>\n<p style=\"text-align: justify;\">Para los &#8216;ticos&#8217; el partido se complic\u00f3 al tener que jugar con nueve hombres en el segundo tiempo, tras la expulsi\u00f3n de Johan Venegas al final de la primera parte y luego la del atacante David Ram\u00edrez sobre el minuto 65.<\/p>\n<p style=\"text-align: justify;\">La Vinotinto no ganaba un encuentro desde junio de 2015 cuando venci\u00f3 a Colombia (1-0) en la fase de grupos de la Copa Am\u00e9rica de Chile.<\/p>\n<p style=\"text-align: justify;\">El mejor por Venezuela a la ofensiva fue el mediocampista Luis Gonz\u00e1lez, quien sirvi\u00f3 varios centros al \u00e1rea que, sin embargo, no encontraron un rematador oportuno.<\/p>\n<p style=\"text-align: justify;\">El t\u00e9cnico Noel Sanvicente ensay\u00f3 con un once en su mayor\u00eda de jugadores de equipos del f\u00fatbol venezolano, en el que debutaron ocho.<\/p>\n<p style=\"text-align: justify;\">Por no ser fecha FIFA, el entrenador Oscar Ram\u00edrez tampoco cont\u00f3 con sus futbolistas de clubes europeos pero utiliz\u00f3 a Kendall Waston, Jordan Smith y Waylon Francis de la Major League Soccer (MLS).<\/p>\n<p style=\"text-align: justify;\">Venezuela apunta a una reestructuraci\u00f3n de su plantel para los pr\u00f3ximos encuentros de las Eliminatorias Sudamericanas al Mundial Rusia 2018, en las que no ha sumado puntos tras encajar cuatro derrotas ante Paraguay, Brasil, Bolivia y Ecuador.<\/p>\n<p style=\"text-align: justify;\">La Vinotinto visitar\u00e1 a Per\u00fa el 24 de marzo y recibir\u00e1 a Chile el d\u00eda 29 en Barinas, mientras los costarricenses enfrentar\u00e1n un doble juego, en esas mismas fechas, ante Jamaica por las eliminatorias de la Concacaf.<\/p>\n<p style=\"text-align: justify;\"><strong><span style=\"text-decoration: underline;\">Ficha T\u00e9cnica<\/span>:<br \/>\nVenezuela (1):<\/strong> Jos\u00e9 Contreras; \u00c1ngel Far\u00eda, Wilker \u00c1ngel, Daniel Ben\u00edtez, Mikel Villanueva; Arles Flores (m.94, Javier Garc\u00eda), Arqu\u00edmedes Figuera (m.78, Rafael Acosta); Yeferson Soteldo, Luis Gonz\u00e1lez (m.80, \u00c1ngelo Pe\u00f1a), Johan Moreno (m.53, Andr\u00e9s Ponce); Richard Blanco. <strong>DT:<\/strong> Noel Sanvicente.<\/p>\n<p style=\"text-align: justify;\"><strong>Costa Rica (0):<\/strong> Marco Madrigal; Johnny Acosta, Jos\u00e9 Mena (m.78, Jordan Smith), Kendall Waston, Allan Miranda, Waylon Francis; Randall Azofeifa (m.77, Luis Miguel Valle), Junior Alvarado (m.94, Jos\u00e9 S\u00e1nchez); Johan Venegas, Daniel Colindres (m.56, Kenny Cunningham); David Ram\u00edrez. <strong>DT:<\/strong> \u00d3scar Ram\u00edrez.<\/p>\n<p style=\"text-align: justify;\"><strong>Goles:<\/strong> 1-0: Wilker \u00c1ngel (m.88).<br \/>\n<strong>\u00c1rbitro:<\/strong> El colombiano Luis S\u00e1nchez expuls\u00f3 a Venegas y Ram\u00edrez, amonest\u00f3 a Mart\u00ednez, Waston, Azofeifa y Villanueva.<br \/>\n<strong>Incidencias:<\/strong> Partido amistoso jugado en el estadio Agust\u00edn Tovar &#8216;La Carolina&#8217; de Barinas.<\/p>\n<p style=\"text-align: center;\"><strong>FOTOS<br \/>\n<\/strong><img loading=\"lazy\" decoding=\"async\" class=\"alignnone size-full wp-image-24182\" src=\"http:\/\/gradadigital.com\/home\/wp-content\/uploads\/2016\/02\/aficionadas_zamora_venezuela_costarica_02022016.jpg\" alt=\"aficionadas_zamora_venezuela_costarica_02022016\" width=\"682\" height=\"455\" srcset=\"http:\/\/gradadigital.com\/home\/wp-content\/uploads\/2016\/02\/aficionadas_zamora_venezuela_costarica_02022016.jpg 682w, http:\/\/gradadigital.com\/home\/wp-content\/uploads\/2016\/02\/aficionadas_zamora_venezuela_costarica_02022016-300x200.jpg 300w\" sizes=\"auto, (max-width: 682px) 100vw, 682px\" \/><\/p>\n<p style=\"text-align: center;\"><img loading=\"lazy\" decoding=\"async\" class=\"alignnone size-full wp-image-24187\" src=\"http:\/\/gradadigital.com\/home\/wp-content\/uploads\/2016\/02\/estadio_lacarolina_venezuela_costarica_02022016.jpg\" alt=\"estadio_lacarolina_venezuela_costarica_02022016\" width=\"682\" height=\"455\" srcset=\"http:\/\/gradadigital.com\/home\/wp-content\/uploads\/2016\/02\/estadio_lacarolina_venezuela_costarica_02022016.jpg 682w, http:\/\/gradadigital.com\/home\/wp-content\/uploads\/2016\/02\/estadio_lacarolina_venezuela_costarica_02022016-300x200.jpg 300w\" sizes=\"auto, (max-width: 682px) 100vw, 682px\" \/><\/p>\n<p style=\"text-align: center;\"><img loading=\"lazy\" decoding=\"async\" class=\"alignnone size-full wp-image-24183\" src=\"http:\/\/gradadigital.com\/home\/wp-content\/uploads\/2016\/02\/noel_sanvicente_jose_manuel_rey_mauricio_lazzaro_rodolfo_paladini_venezuela_costarica_02022016.jpg\" alt=\"noel_sanvicente_jose_manuel_rey_mauricio_lazzaro_rodolfo_paladini_venezuela_costarica_02022016\" width=\"682\" height=\"455\" srcset=\"http:\/\/gradadigital.com\/home\/wp-content\/uploads\/2016\/02\/noel_sanvicente_jose_manuel_rey_mauricio_lazzaro_rodolfo_paladini_venezuela_costarica_02022016.jpg 682w, http:\/\/gradadigital.com\/home\/wp-content\/uploads\/2016\/02\/noel_sanvicente_jose_manuel_rey_mauricio_lazzaro_rodolfo_paladini_venezuela_costarica_02022016-300x200.jpg 300w\" sizes=\"auto, (max-width: 682px) 100vw, 682px\" \/><\/p>\n<p style=\"text-align: center;\"><img loading=\"lazy\" decoding=\"async\" class=\"alignnone size-full wp-image-24186\" src=\"http:\/\/gradadigital.com\/home\/wp-content\/uploads\/2016\/02\/yeferson_soteldo_venezuela_costarica_02022016.jpg\" alt=\"yeferson_soteldo_venezuela_costarica_02022016\" width=\"682\" height=\"455\" srcset=\"http:\/\/gradadigital.com\/home\/wp-content\/uploads\/2016\/02\/yeferson_soteldo_venezuela_costarica_02022016.jpg 682w, http:\/\/gradadigital.com\/home\/wp-content\/uploads\/2016\/02\/yeferson_soteldo_venezuela_costarica_02022016-300x200.jpg 300w\" sizes=\"auto, (max-width: 682px) 100vw, 682px\" \/><\/p>\n<p style=\"text-align: center;\"><img loading=\"lazy\" decoding=\"async\" class=\"alignnone size-full wp-image-24184\" src=\"http:\/\/gradadigital.com\/home\/wp-content\/uploads\/2016\/02\/richard_blanco_venezuela_costarica_02022016.jpg\" alt=\"richard_blanco_venezuela_costarica_02022016\" width=\"682\" height=\"455\" srcset=\"http:\/\/gradadigital.com\/home\/wp-content\/uploads\/2016\/02\/richard_blanco_venezuela_costarica_02022016.jpg 682w, http:\/\/gradadigital.com\/home\/wp-content\/uploads\/2016\/02\/richard_blanco_venezuela_costarica_02022016-300x200.jpg 300w\" sizes=\"auto, (max-width: 682px) 100vw, 682px\" \/><\/p>\n<p style=\"text-align: center;\"><img loading=\"lazy\" decoding=\"async\" class=\"alignnone size-full wp-image-24185\" src=\"http:\/\/gradadigital.com\/home\/wp-content\/uploads\/2016\/02\/daniel_benitez_venezuela_costarica_03022016.jpg\" alt=\"daniel_benitez_venezuela_costarica_03022016\" width=\"682\" height=\"455\" srcset=\"http:\/\/gradadigital.com\/home\/wp-content\/uploads\/2016\/02\/daniel_benitez_venezuela_costarica_03022016.jpg 682w, http:\/\/gradadigital.com\/home\/wp-content\/uploads\/2016\/02\/daniel_benitez_venezuela_costarica_03022016-300x200.jpg 300w\" sizes=\"auto, (max-width: 682px) 100vw, 682px\" \/><\/p>\n<p style=\"text-align: center;\"><img loading=\"lazy\" decoding=\"async\" class=\"alignnone size-full wp-image-24188\" src=\"http:\/\/gradadigital.com\/home\/wp-content\/uploads\/2016\/02\/wilker_angel_venezuela_costarica_02022016.jpg\" alt=\"wilker_angel_venezuela_costarica_02022016\" width=\"682\" height=\"455\" srcset=\"http:\/\/gradadigital.com\/home\/wp-content\/uploads\/2016\/02\/wilker_angel_venezuela_costarica_02022016.jpg 682w, http:\/\/gradadigital.com\/home\/wp-content\/uploads\/2016\/02\/wilker_angel_venezuela_costarica_02022016-300x200.jpg 300w\" sizes=\"auto, (max-width: 682px) 100vw, 682px\" \/><\/p>\n<p style=\"text-align: center;\"><a href=\"https:\/\/play.google.com\/store\/apps\/details?id=com.app.gradadigital\" target=\"_blank\"><img decoding=\"async\" src=\"http:\/\/gradadigital.com\/home\/wp-content\/uploads\/2014\/10\/banner_aplicacion_V2_GRADADIGITAL_17102014.jpg\" alt=\"\" \/><\/a><\/p>\n","protected":false},"excerpt":{"rendered":"<p>EFE &#8211;\u00a0La Selecci\u00f3n de Venezuela venci\u00f3 el martes por 1-0 a Costa Rica en Barinas, reencontr\u00e1ndose con la victoria en un estadio que cont\u00f3 con una buena asistencia de p\u00fablico. El gol lo marc\u00f3 el defensa Wilker \u00c1ngel, tras un cobro de tiro libre del volante \u00c1ngelo Pe\u00f1a cuyo disparo no pudo controlar el portero &#8230;<\/p>\n","protected":false},"author":4,"featured_media":24188,"comment_status":"closed","ping_status":"closed","sticky":false,"template":"","format":"standard","meta":{"footnotes":""},"categories":[43,752,40,3],"tags":[],"class_list":["post-24181","post","type-post","status-publish","format-standard","has-post-thumbnail","hentry","category-fotos","category-appgd","category-seleccion-nacional-mayores","category-seleccion-nacional"],"_links":{"self":[{"href":"http:\/\/gradadigital.com\/home\/wp-json\/wp\/v2\/posts\/24181","targetHints":{"allow":["GET"]}}],"collection":[{"href":"http:\/\/gradadigital.com\/home\/wp-json\/wp\/v2\/posts"}],"about":[{"href":"http:\/\/gradadigital.com\/home\/wp-json\/wp\/v2\/types\/post"}],"author":[{"embeddable":true,"href":"http:\/\/gradadigital.com\/home\/wp-json\/wp\/v2\/users\/4"}],"replies":[{"embeddable":true,"href":"http:\/\/gradadigital.com\/home\/wp-json\/wp\/v2\/comments?post=24181"}],"version-history":[{"count":3,"href":"http:\/\/gradadigital.com\/home\/wp-json\/wp\/v2\/posts\/24181\/revisions"}],"predecessor-version":[{"id":24217,"href":"http:\/\/gradadigital.com\/home\/wp-json\/wp\/v2\/posts\/24181\/revisions\/24217"}],"wp:featuredmedia":[{"embeddable":true,"href":"http:\/\/gradadigital.com\/home\/wp-json\/wp\/v2\/media\/24188"}],"wp:attachment":[{"href":"http:\/\/gradadigital.com\/home\/wp-json\/wp\/v2\/media?parent=24181"}],"wp:term":[{"taxonomy":"category","embeddable":true,"href":"http:\/\/gradadigital.com\/home\/wp-json\/wp\/v2\/categories?post=24181"},{"taxonomy":"post_tag","embeddable":true,"href":"http:\/\/gradadigital.com\/home\/wp-json\/wp\/v2\/tags?post=24181"}],"curies":[{"name":"wp","href":"https:\/\/api.w.org\/{rel}","templated":true}]}}