{"id":24166,"date":"2016-02-02T21:27:46","date_gmt":"2016-02-03T01:57:46","guid":{"rendered":"http:\/\/gradadigital.com\/home\/?p=24166"},"modified":"2016-02-02T21:27:46","modified_gmt":"2016-02-03T01:57:46","slug":"fiscalia-venezolana-no-solicitara-la-extradicion-de-rafael-esquivel","status":"publish","type":"post","link":"http:\/\/gradadigital.com\/home\/fiscalia-venezolana-no-solicitara-la-extradicion-de-rafael-esquivel\/","title":{"rendered":"Fiscal\u00eda venezolana no solicitar\u00e1 la extradici\u00f3n de Rafael Esquivel"},"content":{"rendered":"<p style=\"text-align: center;\"><img decoding=\"async\" src=\"http:\/\/gradadigital.com\/home\/wp-content\/uploads\/2016\/02\/luisa_ortega_diaz_02022016.jpg\" alt=\"\" \/><\/p>\n<p style=\"text-align: center;\"><img decoding=\"async\" src=\"http:\/\/gradadigital.com\/home\/wp-content\/uploads\/2014\/12\/banner_opcion_comentarios_gd.jpg\" alt=\"\" \/><\/p>\n<p style=\"text-align: justify;\"><strong>EFE &#8211;<\/strong> El Ministerio P\u00fablico de Venezuela no solicitar\u00e1 la extradici\u00f3n del expresidente de la Federaci\u00f3n Venezolana de F\u00fatbol (FVF) Rafael Esquivel, detenido en Suiza desde mayo de 2015, seg\u00fan inform\u00f3 hoy la fiscal general del pa\u00eds, Luisa Ortega D\u00edaz.<\/p>\n<p style=\"text-align: justify;\"><strong>\u00abSobre Esquivel, no es cierto que Venezuela haya solicitado la extradici\u00f3n, es m\u00e1s, no la va a solicitar\u00bb<\/strong>, dijo la titular del Ministerio P\u00fablico (MP) ante el pleno del Parlamento durante la rendici\u00f3n de su informe anual de gesti\u00f3n.<\/p>\n<p style=\"text-align: justify;\">La prensa local inform\u00f3 a finales de 2015 que la defensa del exdirectivo del f\u00fatbol venezolano, acusado de varios delitos de corrupci\u00f3n, solicitar\u00eda que \u00e9ste fuera juzgado en su pa\u00eds ante la inminente sentencia que ratificar\u00eda su extradici\u00f3n a Estados Unidos.<\/p>\n<p style=\"text-align: justify;\">Suiza ya hab\u00eda negado esta posibilidad dando prioridad a una solicitud de extradici\u00f3n transmitida previamente por la Justicia estadounidense, que desea juzgarle por diversos cargos de corrupci\u00f3n.<\/p>\n<p style=\"text-align: justify;\">La fiscal venezolana inform\u00f3 de que en el Ministerio P\u00fablico, sobre este caso, se realizaron <strong>\u00abmultiplicidad de diligencias e investigaciones para recabar informaci\u00f3n, y se logr\u00f3 la congelaci\u00f3n de sus cuentas bancarias -de Esquivel- y la prohibici\u00f3n de enajenar y gravar bienes\u00bb<\/strong>.<\/p>\n<p style=\"text-align: justify;\">Asimismo, precis\u00f3 que la investigaci\u00f3n no fue solo contra Esquivel, sino tambi\u00e9n sobre <strong>\u00abtodas las irregularidades que hay alrededor de \u00e9l y de la propia Federaci\u00f3n (venezolana) de F\u00fatbol\u00bb<\/strong>, dijo.<\/p>\n<p style=\"text-align: justify;\">Esquivel fue detenido el pasado 27 de mayo, junto con otros seis altos funcionarios de la FIFA, como parte de una investigaci\u00f3n lanzada por EEUU en relaci\u00f3n a una supuesta red de corrupci\u00f3n en la organizaci\u00f3n deportiva, principalmente a trav\u00e9s de sus confederaciones en Am\u00e9rica Latina y Norteam\u00e9rica.<\/p>\n<p style=\"text-align: justify;\">Concretamente, los cargos tienen que ver con el supuesto pago de sobornos a los dirigentes futbol\u00edsticos a cambio de entregar a ciertas compa\u00f1\u00edas los derechos de comercializaci\u00f3n y difusi\u00f3n de torneos de f\u00fatbol.<\/p>\n<p style=\"text-align: center;\"><a href=\"https:\/\/play.google.com\/store\/apps\/details?id=com.app.gradadigital\" target=\"_blank\"><img decoding=\"async\" src=\"http:\/\/gradadigital.com\/home\/wp-content\/uploads\/2014\/10\/banner_aplicacion_V2_GRADADIGITAL_17102014.jpg\" alt=\"\" \/><\/a><\/p>\n","protected":false},"excerpt":{"rendered":"<p>EFE &#8211; El Ministerio P\u00fablico de Venezuela no solicitar\u00e1 la extradici\u00f3n del expresidente de la Federaci\u00f3n Venezolana de F\u00fatbol (FVF) Rafael Esquivel, detenido en Suiza desde mayo de 2015, seg\u00fan inform\u00f3 hoy la fiscal general del pa\u00eds, Luisa Ortega D\u00edaz. \u00abSobre Esquivel, no es cierto que Venezuela haya solicitado la extradici\u00f3n, es m\u00e1s, no la &#8230;<\/p>\n","protected":false},"author":3,"featured_media":24167,"comment_status":"closed","ping_status":"closed","sticky":false,"template":"","format":"standard","meta":{"footnotes":""},"categories":[752,5,36,40,3],"tags":[155,135,1880,1881,447],"class_list":["post-24166","post","type-post","status-publish","format-standard","has-post-thumbnail","hentry","category-appgd","category-futbol-nacional","category-internacional","category-seleccion-nacional-mayores","category-seleccion-nacional","tag-federacion-venezolana-de-futbol","tag-fvf","tag-luisa-ortega-diaz","tag-ministerio-publico","tag-rafael-esquivel"],"_links":{"self":[{"href":"http:\/\/gradadigital.com\/home\/wp-json\/wp\/v2\/posts\/24166","targetHints":{"allow":["GET"]}}],"collection":[{"href":"http:\/\/gradadigital.com\/home\/wp-json\/wp\/v2\/posts"}],"about":[{"href":"http:\/\/gradadigital.com\/home\/wp-json\/wp\/v2\/types\/post"}],"author":[{"embeddable":true,"href":"http:\/\/gradadigital.com\/home\/wp-json\/wp\/v2\/users\/3"}],"replies":[{"embeddable":true,"href":"http:\/\/gradadigital.com\/home\/wp-json\/wp\/v2\/comments?post=24166"}],"version-history":[{"count":1,"href":"http:\/\/gradadigital.com\/home\/wp-json\/wp\/v2\/posts\/24166\/revisions"}],"predecessor-version":[{"id":24168,"href":"http:\/\/gradadigital.com\/home\/wp-json\/wp\/v2\/posts\/24166\/revisions\/24168"}],"wp:featuredmedia":[{"embeddable":true,"href":"http:\/\/gradadigital.com\/home\/wp-json\/wp\/v2\/media\/24167"}],"wp:attachment":[{"href":"http:\/\/gradadigital.com\/home\/wp-json\/wp\/v2\/media?parent=24166"}],"wp:term":[{"taxonomy":"category","embeddable":true,"href":"http:\/\/gradadigital.com\/home\/wp-json\/wp\/v2\/categories?post=24166"},{"taxonomy":"post_tag","embeddable":true,"href":"http:\/\/gradadigital.com\/home\/wp-json\/wp\/v2\/tags?post=24166"}],"curies":[{"name":"wp","href":"https:\/\/api.w.org\/{rel}","templated":true}]}}