{"id":2415,"date":"2013-07-13T12:55:45","date_gmt":"2013-07-13T17:25:45","guid":{"rendered":"http:\/\/gradadigital.com\/home\/?p=2415"},"modified":"2013-07-13T13:01:30","modified_gmt":"2013-07-13T17:31:30","slug":"fotos-amorebieta-vengo-a-demostrar-todo-lo-que-aprendi-en-mi-pasado-equipo","status":"publish","type":"post","link":"http:\/\/gradadigital.com\/home\/fotos-amorebieta-vengo-a-demostrar-todo-lo-que-aprendi-en-mi-pasado-equipo\/","title":{"rendered":"+FOTOS | Amorebieta: \u00abVengo a demostrar todo lo que aprend\u00ed en mi pasado equipo\u00bb"},"content":{"rendered":"<p style=\"text-align: center;\"><img loading=\"lazy\" decoding=\"async\" class=\"alignnone size-full wp-image-2417\" alt=\"fernando_amorebieta_fulham_13072013\" src=\"http:\/\/gradadigital.com\/home\/wp-content\/uploads\/2013\/07\/fernando_amorebieta_fulham_13072013.jpg\" width=\"596\" height=\"346\" srcset=\"http:\/\/gradadigital.com\/home\/wp-content\/uploads\/2013\/07\/fernando_amorebieta_fulham_13072013.jpg 596w, http:\/\/gradadigital.com\/home\/wp-content\/uploads\/2013\/07\/fernando_amorebieta_fulham_13072013-300x174.jpg 300w\" sizes=\"auto, (max-width: 596px) 100vw, 596px\" \/><\/p>\n<p style=\"text-align: justify;\"><strong>GradaDigital.com &#8211;<\/strong> El Fulham ya se encuentra en Costa Rica para disputar par de amistosos ante el Cartagin\u00e9s y Alajuelense. El equipo de Fernando Amorebieta aterriz\u00f3 al pa\u00eds \u00abtico\u00bb a las tres de la tarde del d\u00eda de ayer, y se dirigieron al Hotel Marriot, donde se hospedan.<\/p>\n<p style=\"text-align: justify;\">Posteriormente, Amorebieta se dirigi\u00f3 ante los medios de comunicaci\u00f3n acompa\u00f1ado por su entrenador Martin Jol y sus compa\u00f1eros de equipo Brede Hangeland y Bryan Ruiz. Para Amorebieta <strong>\u00abvengo con mucha ilusi\u00f3n de ir conociendo a mis compa\u00f1eros y el entorno del equipo. Vengo a demostrar todo lo que aprend\u00ed en mi pasado equipo y por lo que me trajeron ac\u00e1\u00bb,<\/strong> mientras que el estratega agreg\u00f3 que <strong>\u00abnos dimos cuenta que Costa Rica o la selecci\u00f3n de Costa Rica, hizo muy buenos juegos ante M\u00e9xico y Estados Unidos. Pese a ser un pa\u00eds muy peque\u00f1o, sabemos vive un ambiente muy futbolero, por lo que ser\u00e1 bastante dif\u00edcil\u00bb.<\/strong><\/p>\n<p style=\"text-align: justify;\">Sin duda alguna, el tour del Fulham servir\u00e1 para que el venezolano siga acoplandose a su nuevo equipo.<\/p>\n<p style=\"text-align: center;\"><img loading=\"lazy\" decoding=\"async\" class=\"alignnone size-full wp-image-2418\" alt=\"fernando_amorebieta_fulham_13072013_3\" src=\"http:\/\/gradadigital.com\/home\/wp-content\/uploads\/2013\/07\/fernando_amorebieta_fulham_13072013_3.jpg\" width=\"596\" height=\"346\" srcset=\"http:\/\/gradadigital.com\/home\/wp-content\/uploads\/2013\/07\/fernando_amorebieta_fulham_13072013_3.jpg 596w, http:\/\/gradadigital.com\/home\/wp-content\/uploads\/2013\/07\/fernando_amorebieta_fulham_13072013_3-300x174.jpg 300w\" sizes=\"auto, (max-width: 596px) 100vw, 596px\" \/><\/p>\n<p style=\"text-align: center;\"><img loading=\"lazy\" decoding=\"async\" class=\"alignnone size-full wp-image-2416\" alt=\"fernando_amorebieta_fulham_13072013_2\" src=\"http:\/\/gradadigital.com\/home\/wp-content\/uploads\/2013\/07\/fernando_amorebieta_fulham_13072013_2.jpg\" width=\"596\" height=\"346\" srcset=\"http:\/\/gradadigital.com\/home\/wp-content\/uploads\/2013\/07\/fernando_amorebieta_fulham_13072013_2.jpg 596w, http:\/\/gradadigital.com\/home\/wp-content\/uploads\/2013\/07\/fernando_amorebieta_fulham_13072013_2-300x174.jpg 300w\" sizes=\"auto, (max-width: 596px) 100vw, 596px\" \/><\/p>\n","protected":false},"excerpt":{"rendered":"<p>GradaDigital.com &#8211; El Fulham ya se encuentra en Costa Rica para disputar par de amistosos ante el Cartagin\u00e9s y Alajuelense. El equipo de Fernando Amorebieta aterriz\u00f3 al pa\u00eds \u00abtico\u00bb a las tres de la tarde del d\u00eda de ayer, y se dirigieron al Hotel Marriot, donde se hospedan. Posteriormente, Amorebieta se dirigi\u00f3 ante los medios &#8230;<\/p>\n","protected":false},"author":4,"featured_media":2417,"comment_status":"closed","ping_status":"closed","sticky":false,"template":"","format":"standard","meta":{"footnotes":""},"categories":[43,36,4],"tags":[],"class_list":["post-2415","post","type-post","status-publish","format-standard","has-post-thumbnail","hentry","category-fotos","category-internacional","category-legionarios"],"_links":{"self":[{"href":"http:\/\/gradadigital.com\/home\/wp-json\/wp\/v2\/posts\/2415","targetHints":{"allow":["GET"]}}],"collection":[{"href":"http:\/\/gradadigital.com\/home\/wp-json\/wp\/v2\/posts"}],"about":[{"href":"http:\/\/gradadigital.com\/home\/wp-json\/wp\/v2\/types\/post"}],"author":[{"embeddable":true,"href":"http:\/\/gradadigital.com\/home\/wp-json\/wp\/v2\/users\/4"}],"replies":[{"embeddable":true,"href":"http:\/\/gradadigital.com\/home\/wp-json\/wp\/v2\/comments?post=2415"}],"version-history":[{"count":3,"href":"http:\/\/gradadigital.com\/home\/wp-json\/wp\/v2\/posts\/2415\/revisions"}],"predecessor-version":[{"id":2420,"href":"http:\/\/gradadigital.com\/home\/wp-json\/wp\/v2\/posts\/2415\/revisions\/2420"}],"wp:featuredmedia":[{"embeddable":true,"href":"http:\/\/gradadigital.com\/home\/wp-json\/wp\/v2\/media\/2417"}],"wp:attachment":[{"href":"http:\/\/gradadigital.com\/home\/wp-json\/wp\/v2\/media?parent=2415"}],"wp:term":[{"taxonomy":"category","embeddable":true,"href":"http:\/\/gradadigital.com\/home\/wp-json\/wp\/v2\/categories?post=2415"},{"taxonomy":"post_tag","embeddable":true,"href":"http:\/\/gradadigital.com\/home\/wp-json\/wp\/v2\/tags?post=2415"}],"curies":[{"name":"wp","href":"https:\/\/api.w.org\/{rel}","templated":true}]}}