{"id":23947,"date":"2016-01-28T22:15:40","date_gmt":"2016-01-29T02:45:40","guid":{"rendered":"http:\/\/gradadigital.com\/home\/?p=23947"},"modified":"2016-01-28T22:15:40","modified_gmt":"2016-01-29T02:45:40","slug":"juan-arango-jugara-en-el-new-york-cosmos","status":"publish","type":"post","link":"http:\/\/gradadigital.com\/home\/juan-arango-jugara-en-el-new-york-cosmos\/","title":{"rendered":"Juan Arango jugar\u00e1 en el New York Cosmos"},"content":{"rendered":"<p style=\"text-align: center;\"><img decoding=\"async\" src=\"http:\/\/gradadigital.com\/home\/wp-content\/uploads\/2015\/09\/juan_arango_venezuela_panama_08092015_4.jpg\" alt=\"\" \/><\/p>\n<p style=\"text-align: center;\"><img decoding=\"async\" src=\"http:\/\/gradadigital.com\/home\/wp-content\/uploads\/2014\/12\/banner_opcion_comentarios_gd.jpg\" alt=\"\" \/><\/p>\n<p style=\"text-align: justify;\"><strong>GradaDigital.com\/EFE &#8211;<\/strong> El\u00a0mediocampista\u00a0venezolano Juan Arango firm\u00f3 por una temporada con el New York Cosmos\u00a0de los Estados Unidos, el actual campe\u00f3n de la North American Soccer League (NASL).<\/p>\n<p style=\"text-align: justify;\">Arango, de 35 a\u00f1os de edad, l\u00edder absoluto en partidos (127) y goles (23) en la selecci\u00f3n venezolana, jug\u00f3 la pasada temporada con el equipo mexicano Xolos de Tijuana donde anot\u00f3 11 tantos en 45 partidos entre 2014 y 2015.<\/p>\n<p style=\"text-align: justify;\">Con Arango como capit\u00e1n, la selecci\u00f3n de Venezuela qued\u00f3 en cuarto lugar en la Copa Am\u00e9rica 2011, su mejor resultado en el torneo continental, en el que particip\u00f3 seis veces vistiendo la camiseta de La Vinotinto.<\/p>\n<p style=\"text-align: justify;\">La gran aportaci\u00f3n de Arango al f\u00fatbol internacional la hizo en Europa, donde pas\u00f3 diez temporadas, que reparti\u00f3 con el RCD Mallorca espa\u00f1ol (2004-2009) y el Borussia M\u00f6nchengladbach alem\u00e1n (2009-2014).<\/p>\n<p style=\"text-align: justify;\">Su llegada ahora al f\u00fatbol profesional estadounidense le permitir\u00e1 unirse a su compatriota y exjugador de la selecci\u00f3n nacional Giovanni Savarese, actual entrenador del Cosmos.<\/p>\n<p style=\"text-align: justify;\"><strong>\u00abJuan (Arango) es un jugador que ha demostrado gran calidad a lo largo de su carrera\u00bb<\/strong>, declar\u00f3 Savarese. <strong>\u00abTrae una enorme habilidad y experiencia y su liderazgo, dentro y fuera del terreno de juego, ser\u00e1 muy importante para nosotros este a\u00f1o\u00bb<\/strong>.<\/p>\n<p style=\"text-align: justify;\">Especialmente despu\u00e9s que se retiraron los jugadores claves del equipo en las \u00faltimas temporadas como fueron el delantero espa\u00f1ol Ra\u00fal Gonz\u00e1lez y el centrocampista brasile\u00f1o Marcos Senna.<\/p>\n<p style=\"text-align: justify;\">Arango en sus primeras declaraciones tras haber llegado al Cosmos dijo que se trataba de algo que siempre vio como factible, dada la buena relaci\u00f3n personal que mantiene con Savarese.<\/p>\n<p style=\"text-align: justify;\"><strong>\u00abEstoy contento de tener esta oportunidad de fichar con un club legendario como el Cosmos de Nueva York. Otro factor clave en mi llegada es mi relaci\u00f3n con Gio (Savarese); tengo muchas ganas de reunirme con \u00e9l despu\u00e9s de nuestro tiempo juntos en el Caracas\u00bb<\/strong>.<\/p>\n<p style=\"text-align: justify;\">Arango, un nativo de Maracay, se convirti\u00f3 en profesional a los 16 a\u00f1os con Nueva C\u00e1diz, un equipo de primera divisi\u00f3n en su pa\u00eds natal.<\/p>\n<p style=\"text-align: justify;\">Su siguiente paso como profesional fue llegar a M\u00e9xico, donde jug\u00f3 con los Rayados de Monterrey, Pachuca y Puebla antes de dar el salto al f\u00fatbol profesional de Espa\u00f1a, con el Mallorca, donde brill\u00f3 de manera especial.<\/p>\n<p style=\"text-align: center;\"><a href=\"https:\/\/play.google.com\/store\/apps\/details?id=com.app.gradadigital\" target=\"_blank\"><img decoding=\"async\" src=\"http:\/\/gradadigital.com\/home\/wp-content\/uploads\/2014\/10\/banner_aplicacion_V2_GRADADIGITAL_17102014.jpg\" alt=\"\" \/><\/a><\/p>\n","protected":false},"excerpt":{"rendered":"<p>GradaDigital.com\/EFE &#8211; El\u00a0mediocampista\u00a0venezolano Juan Arango firm\u00f3 por una temporada con el New York Cosmos\u00a0de los Estados Unidos, el actual campe\u00f3n de la North American Soccer League (NASL). Arango, de 35 a\u00f1os de edad, l\u00edder absoluto en partidos (127) y goles (23) en la selecci\u00f3n venezolana, jug\u00f3 la pasada temporada con el equipo mexicano Xolos de &#8230;<\/p>\n","protected":false},"author":3,"featured_media":22864,"comment_status":"closed","ping_status":"closed","sticky":false,"template":"","format":"standard","meta":{"footnotes":""},"categories":[752,36,4],"tags":[593,1872,125,1874,1873],"class_list":["post-23947","post","type-post","status-publish","format-standard","has-post-thumbnail","hentry","category-appgd","category-internacional","category-legionarios","tag-arango","tag-giovanni-savarese","tag-juan-arango","tag-ny-cosmos","tag-savarese"],"_links":{"self":[{"href":"http:\/\/gradadigital.com\/home\/wp-json\/wp\/v2\/posts\/23947","targetHints":{"allow":["GET"]}}],"collection":[{"href":"http:\/\/gradadigital.com\/home\/wp-json\/wp\/v2\/posts"}],"about":[{"href":"http:\/\/gradadigital.com\/home\/wp-json\/wp\/v2\/types\/post"}],"author":[{"embeddable":true,"href":"http:\/\/gradadigital.com\/home\/wp-json\/wp\/v2\/users\/3"}],"replies":[{"embeddable":true,"href":"http:\/\/gradadigital.com\/home\/wp-json\/wp\/v2\/comments?post=23947"}],"version-history":[{"count":1,"href":"http:\/\/gradadigital.com\/home\/wp-json\/wp\/v2\/posts\/23947\/revisions"}],"predecessor-version":[{"id":23948,"href":"http:\/\/gradadigital.com\/home\/wp-json\/wp\/v2\/posts\/23947\/revisions\/23948"}],"wp:featuredmedia":[{"embeddable":true,"href":"http:\/\/gradadigital.com\/home\/wp-json\/wp\/v2\/media\/22864"}],"wp:attachment":[{"href":"http:\/\/gradadigital.com\/home\/wp-json\/wp\/v2\/media?parent=23947"}],"wp:term":[{"taxonomy":"category","embeddable":true,"href":"http:\/\/gradadigital.com\/home\/wp-json\/wp\/v2\/categories?post=23947"},{"taxonomy":"post_tag","embeddable":true,"href":"http:\/\/gradadigital.com\/home\/wp-json\/wp\/v2\/tags?post=23947"}],"curies":[{"name":"wp","href":"https:\/\/api.w.org\/{rel}","templated":true}]}}