{"id":23837,"date":"2015-12-03T02:45:08","date_gmt":"2015-12-03T07:15:08","guid":{"rendered":"http:\/\/gradadigital.com\/home\/?p=23837"},"modified":"2015-12-04T03:57:59","modified_gmt":"2015-12-04T08:27:59","slug":"luis-manuel-seijas-es-un-resultado-muy-importante","status":"publish","type":"post","link":"http:\/\/gradadigital.com\/home\/luis-manuel-seijas-es-un-resultado-muy-importante\/","title":{"rendered":"Luis Manuel Seijas: \u00abEs un resultado muy importante\u00bb"},"content":{"rendered":"<p style=\"text-align: center;\"><img decoding=\"async\" src=\"http:\/\/gradadigital.com\/home\/wp-content\/uploads\/2015\/12\/luis_manuel_seijas_independiente_santa_fe_huracan_copa_sudamericana_02122015_2.jpg\" alt=\"\" \/><\/p>\n<p style=\"text-align: center;\"><img decoding=\"async\" src=\"http:\/\/gradadigital.com\/home\/wp-content\/uploads\/2014\/12\/banner_opcion_comentarios_gd.jpg\" alt=\"\" \/><\/p>\n<p style=\"text-align: justify;\"><strong>EFE &#8211;<\/strong> El creativo venezolano del Independiente Santa Fe, Luis Manuel Seijas, consider\u00f3 <strong>\u00abun resultado muy importante\u00bb<\/strong> el empate sin goles que el equipo colombiano sustrajo este mi\u00e9rcoles de la cancha del Hurac\u00e1n argentino en el partido de ida de la final de la Copa Sudamericana.<\/p>\n<p style=\"text-align: justify;\"><strong>\u00abEs un resultado importante. La serie est\u00e1 muy abierta y lo bonito ser\u00e1 ahora definirla en Bogot\u00e1\u00bb<\/strong>, destac\u00f3 Seijas de cara al encuentro decisivo que se jugar\u00e1 el pr\u00f3ximo mi\u00e9rcoles en el estadio &#8216;El Camp\u00edn&#8217;.<\/p>\n<div class=\"content_nota\">\n<p style=\"text-align: justify;\"><strong>\u00abTodos corremos por igual y esa ha sido la clave para llegar a esta final del torneo\u00bb<\/strong>, dijo al citar una de las claves para explicar la actualidad del conjunto colombiano.<\/p>\n<p style=\"text-align: justify;\"><strong>\u00abEsper\u00e1bamos un partido as\u00ed, muy duro, con muchos pelotazos a Ram\u00f3n &#8216;Wanchope&#8217; \u00c1bila, pero nuestros centrales estuvieron muy bien. Y cuando nos dieron espacios tuvimos tres ocasiones de gol que, de convertir, nos hubiera ayudado\u00bb<\/strong>, concluy\u00f3.<\/p>\n<p style=\"text-align: center;\"><a href=\"https:\/\/play.google.com\/store\/apps\/details?id=com.app.gradadigital\" target=\"_blank\"><img decoding=\"async\" src=\"http:\/\/gradadigital.com\/home\/wp-content\/uploads\/2014\/10\/banner_aplicacion_V2_GRADADIGITAL_17102014.jpg\" alt=\"\" \/><\/a><\/p>\n<\/div>\n<div class=\"embed-preview\"><\/div>\n","protected":false},"excerpt":{"rendered":"<p>EFE &#8211; El creativo venezolano del Independiente Santa Fe, Luis Manuel Seijas, consider\u00f3 \u00abun resultado muy importante\u00bb el empate sin goles que el equipo colombiano sustrajo este mi\u00e9rcoles de la cancha del Hurac\u00e1n argentino en el partido de ida de la final de la Copa Sudamericana. \u00abEs un resultado importante. La serie est\u00e1 muy abierta &#8230;<\/p>\n","protected":false},"author":3,"featured_media":23835,"comment_status":"closed","ping_status":"closed","sticky":false,"template":"","format":"standard","meta":{"footnotes":""},"categories":[752,38,36,4],"tags":[],"class_list":["post-23837","post","type-post","status-publish","format-standard","has-post-thumbnail","hentry","category-appgd","category-copa-sudamericana","category-internacional","category-legionarios"],"_links":{"self":[{"href":"http:\/\/gradadigital.com\/home\/wp-json\/wp\/v2\/posts\/23837","targetHints":{"allow":["GET"]}}],"collection":[{"href":"http:\/\/gradadigital.com\/home\/wp-json\/wp\/v2\/posts"}],"about":[{"href":"http:\/\/gradadigital.com\/home\/wp-json\/wp\/v2\/types\/post"}],"author":[{"embeddable":true,"href":"http:\/\/gradadigital.com\/home\/wp-json\/wp\/v2\/users\/3"}],"replies":[{"embeddable":true,"href":"http:\/\/gradadigital.com\/home\/wp-json\/wp\/v2\/comments?post=23837"}],"version-history":[{"count":1,"href":"http:\/\/gradadigital.com\/home\/wp-json\/wp\/v2\/posts\/23837\/revisions"}],"predecessor-version":[{"id":23838,"href":"http:\/\/gradadigital.com\/home\/wp-json\/wp\/v2\/posts\/23837\/revisions\/23838"}],"wp:featuredmedia":[{"embeddable":true,"href":"http:\/\/gradadigital.com\/home\/wp-json\/wp\/v2\/media\/23835"}],"wp:attachment":[{"href":"http:\/\/gradadigital.com\/home\/wp-json\/wp\/v2\/media?parent=23837"}],"wp:term":[{"taxonomy":"category","embeddable":true,"href":"http:\/\/gradadigital.com\/home\/wp-json\/wp\/v2\/categories?post=23837"},{"taxonomy":"post_tag","embeddable":true,"href":"http:\/\/gradadigital.com\/home\/wp-json\/wp\/v2\/tags?post=23837"}],"curies":[{"name":"wp","href":"https:\/\/api.w.org\/{rel}","templated":true}]}}