{"id":23337,"date":"2015-10-13T01:13:46","date_gmt":"2015-10-13T05:43:46","guid":{"rendered":"http:\/\/gradadigital.com\/home\/?p=23337"},"modified":"2015-10-13T08:10:09","modified_gmt":"2015-10-13T12:40:09","slug":"fotosvideo-asi-la-vinotinto-reconocio-el-castelao-en-brasil","status":"publish","type":"post","link":"http:\/\/gradadigital.com\/home\/fotosvideo-asi-la-vinotinto-reconocio-el-castelao-en-brasil\/","title":{"rendered":"+VIDEO\/FOTOS | As\u00ed La Vinotinto reconoci\u00f3 el Castel\u00e3o en Brasil"},"content":{"rendered":"<p style=\"text-align: justify;\"><iframe loading=\"lazy\" src=\"https:\/\/www.youtube.com\/embed\/3Wgnnn9cepY\" width=\"621\" height=\"314\" frameborder=\"0\" allowfullscreen=\"allowfullscreen\"><\/iframe><\/p>\n<p style=\"text-align: center;\"><img decoding=\"async\" src=\"http:\/\/gradadigital.com\/home\/wp-content\/uploads\/2014\/12\/banner_opcion_comentarios_gd.jpg\" alt=\"\" \/><\/p>\n<p style=\"text-align: justify;\"><strong>GradaDigital.com &#8211;<\/strong> As\u00ed fue el reconocimiento de cancha de La Vinotinto en el Estadio Castel\u00e3o de Fortaleza, previo al encuentro ante Brasil por la segunda fecha de las Eliminatorias al Mundial de Rusia 2018.<\/p>\n<p style=\"text-align: center;\"><img loading=\"lazy\" decoding=\"async\" class=\"alignnone size-full wp-image-23343\" src=\"http:\/\/gradadigital.com\/home\/wp-content\/uploads\/2015\/10\/salomon_rondon_fernando_amorebieta_andres_tunez_reconocimiento_brasil_venezuela_castelao_12102015.jpg\" alt=\"salomon_rondon_fernando_amorebieta_andres_tunez_reconocimiento_brasil_venezuela_castelao_12102015\" width=\"682\" height=\"455\" srcset=\"http:\/\/gradadigital.com\/home\/wp-content\/uploads\/2015\/10\/salomon_rondon_fernando_amorebieta_andres_tunez_reconocimiento_brasil_venezuela_castelao_12102015.jpg 682w, http:\/\/gradadigital.com\/home\/wp-content\/uploads\/2015\/10\/salomon_rondon_fernando_amorebieta_andres_tunez_reconocimiento_brasil_venezuela_castelao_12102015-300x200.jpg 300w\" sizes=\"auto, (max-width: 682px) 100vw, 682px\" \/><\/p>\n<p style=\"text-align: center;\"><img loading=\"lazy\" decoding=\"async\" class=\"alignnone size-full wp-image-23342\" src=\"http:\/\/gradadigital.com\/home\/wp-content\/uploads\/2015\/10\/wilker_angel_jose_contreras_reconocimiento_brasil_venezuela_castelao_12102015.jpg\" alt=\"wilker_angel_jose_contreras_reconocimiento_brasil_venezuela_castelao_12102015\" width=\"682\" height=\"455\" srcset=\"http:\/\/gradadigital.com\/home\/wp-content\/uploads\/2015\/10\/wilker_angel_jose_contreras_reconocimiento_brasil_venezuela_castelao_12102015.jpg 682w, http:\/\/gradadigital.com\/home\/wp-content\/uploads\/2015\/10\/wilker_angel_jose_contreras_reconocimiento_brasil_venezuela_castelao_12102015-300x200.jpg 300w\" sizes=\"auto, (max-width: 682px) 100vw, 682px\" \/><\/p>\n<p style=\"text-align: center;\"><img loading=\"lazy\" decoding=\"async\" class=\"alignnone size-full wp-image-23341\" src=\"http:\/\/gradadigital.com\/home\/wp-content\/uploads\/2015\/10\/reconocimiento_brasil_venezuela_castelao_12102015.jpg\" alt=\"reconocimiento_brasil_venezuela_castelao_12102015\" width=\"682\" height=\"455\" srcset=\"http:\/\/gradadigital.com\/home\/wp-content\/uploads\/2015\/10\/reconocimiento_brasil_venezuela_castelao_12102015.jpg 682w, http:\/\/gradadigital.com\/home\/wp-content\/uploads\/2015\/10\/reconocimiento_brasil_venezuela_castelao_12102015-300x200.jpg 300w\" sizes=\"auto, (max-width: 682px) 100vw, 682px\" \/><\/p>\n<p style=\"text-align: center;\"><img loading=\"lazy\" decoding=\"async\" class=\"alignnone size-full wp-image-23340\" src=\"http:\/\/gradadigital.com\/home\/wp-content\/uploads\/2015\/10\/reconocimiento_brasil_venezuela_castelao_12102015_2.jpg\" alt=\"reconocimiento_brasil_venezuela_castelao_12102015_2\" width=\"682\" height=\"455\" srcset=\"http:\/\/gradadigital.com\/home\/wp-content\/uploads\/2015\/10\/reconocimiento_brasil_venezuela_castelao_12102015_2.jpg 682w, http:\/\/gradadigital.com\/home\/wp-content\/uploads\/2015\/10\/reconocimiento_brasil_venezuela_castelao_12102015_2-300x200.jpg 300w\" sizes=\"auto, (max-width: 682px) 100vw, 682px\" \/><\/p>\n<p style=\"text-align: center;\"><img loading=\"lazy\" decoding=\"async\" class=\"alignnone size-full wp-image-23339\" src=\"http:\/\/gradadigital.com\/home\/wp-content\/uploads\/2015\/10\/salomon_rondon_fernando_amorebieta_reconocimiento_brasil_venezuela_castelao_12102015.jpg\" alt=\"salomon_rondon_fernando_amorebieta_reconocimiento_brasil_venezuela_castelao_12102015\" width=\"682\" height=\"455\" srcset=\"http:\/\/gradadigital.com\/home\/wp-content\/uploads\/2015\/10\/salomon_rondon_fernando_amorebieta_reconocimiento_brasil_venezuela_castelao_12102015.jpg 682w, http:\/\/gradadigital.com\/home\/wp-content\/uploads\/2015\/10\/salomon_rondon_fernando_amorebieta_reconocimiento_brasil_venezuela_castelao_12102015-300x200.jpg 300w\" sizes=\"auto, (max-width: 682px) 100vw, 682px\" \/><\/p>\n<p style=\"text-align: center;\"><img loading=\"lazy\" decoding=\"async\" class=\"alignnone size-full wp-image-23338\" src=\"http:\/\/gradadigital.com\/home\/wp-content\/uploads\/2015\/10\/salomon_rondon_fernando_amorebieta_reconocimiento_brasil_venezuela_castelao_12102015_2.jpg\" alt=\"salomon_rondon_fernando_amorebieta_reconocimiento_brasil_venezuela_castelao_12102015_2\" width=\"682\" height=\"455\" srcset=\"http:\/\/gradadigital.com\/home\/wp-content\/uploads\/2015\/10\/salomon_rondon_fernando_amorebieta_reconocimiento_brasil_venezuela_castelao_12102015_2.jpg 682w, http:\/\/gradadigital.com\/home\/wp-content\/uploads\/2015\/10\/salomon_rondon_fernando_amorebieta_reconocimiento_brasil_venezuela_castelao_12102015_2-300x200.jpg 300w\" sizes=\"auto, (max-width: 682px) 100vw, 682px\" \/><\/p>\n<p style=\"text-align: center;\"><img loading=\"lazy\" decoding=\"async\" class=\"alignnone size-full wp-image-23344\" src=\"http:\/\/gradadigital.com\/home\/wp-content\/uploads\/2015\/10\/noel_sanvicente_rueda_de_prensa_brasil_venezuela_12102015_3.jpg\" alt=\"noel_sanvicente_rueda_de_prensa_brasil_venezuela_12102015_3\" width=\"682\" height=\"455\" srcset=\"http:\/\/gradadigital.com\/home\/wp-content\/uploads\/2015\/10\/noel_sanvicente_rueda_de_prensa_brasil_venezuela_12102015_3.jpg 682w, http:\/\/gradadigital.com\/home\/wp-content\/uploads\/2015\/10\/noel_sanvicente_rueda_de_prensa_brasil_venezuela_12102015_3-300x200.jpg 300w\" sizes=\"auto, (max-width: 682px) 100vw, 682px\" \/><\/p>\n<p style=\"text-align: center;\"><a href=\"https:\/\/play.google.com\/store\/apps\/details?id=com.app.gradadigital\" target=\"_blank\"><img decoding=\"async\" src=\"http:\/\/gradadigital.com\/home\/wp-content\/uploads\/2014\/10\/banner_aplicacion_V2_GRADADIGITAL_17102014.jpg\" alt=\"\" \/><\/a><\/p>\n","protected":false},"excerpt":{"rendered":"<p>GradaDigital.com &#8211; As\u00ed fue el reconocimiento de cancha de La Vinotinto en el Estadio Castel\u00e3o de Fortaleza, previo al encuentro ante Brasil por la segunda fecha de las Eliminatorias al Mundial de Rusia 2018.<\/p>\n","protected":false},"author":4,"featured_media":23343,"comment_status":"closed","ping_status":"closed","sticky":false,"template":"","format":"standard","meta":{"footnotes":""},"categories":[43,27,752,445,36,40,3],"tags":[],"class_list":["post-23337","post","type-post","status-publish","format-standard","has-post-thumbnail","hentry","category-fotos","category-video","category-appgd","category-brasil-2014","category-internacional","category-seleccion-nacional-mayores","category-seleccion-nacional"],"_links":{"self":[{"href":"http:\/\/gradadigital.com\/home\/wp-json\/wp\/v2\/posts\/23337","targetHints":{"allow":["GET"]}}],"collection":[{"href":"http:\/\/gradadigital.com\/home\/wp-json\/wp\/v2\/posts"}],"about":[{"href":"http:\/\/gradadigital.com\/home\/wp-json\/wp\/v2\/types\/post"}],"author":[{"embeddable":true,"href":"http:\/\/gradadigital.com\/home\/wp-json\/wp\/v2\/users\/4"}],"replies":[{"embeddable":true,"href":"http:\/\/gradadigital.com\/home\/wp-json\/wp\/v2\/comments?post=23337"}],"version-history":[{"count":3,"href":"http:\/\/gradadigital.com\/home\/wp-json\/wp\/v2\/posts\/23337\/revisions"}],"predecessor-version":[{"id":23351,"href":"http:\/\/gradadigital.com\/home\/wp-json\/wp\/v2\/posts\/23337\/revisions\/23351"}],"wp:featuredmedia":[{"embeddable":true,"href":"http:\/\/gradadigital.com\/home\/wp-json\/wp\/v2\/media\/23343"}],"wp:attachment":[{"href":"http:\/\/gradadigital.com\/home\/wp-json\/wp\/v2\/media?parent=23337"}],"wp:term":[{"taxonomy":"category","embeddable":true,"href":"http:\/\/gradadigital.com\/home\/wp-json\/wp\/v2\/categories?post=23337"},{"taxonomy":"post_tag","embeddable":true,"href":"http:\/\/gradadigital.com\/home\/wp-json\/wp\/v2\/tags?post=23337"}],"curies":[{"name":"wp","href":"https:\/\/api.w.org\/{rel}","templated":true}]}}