{"id":22912,"date":"2015-09-20T18:20:17","date_gmt":"2015-09-20T22:50:17","guid":{"rendered":"http:\/\/gradadigital.com\/home\/?p=22912"},"modified":"2015-09-21T14:26:06","modified_gmt":"2015-09-21T18:56:06","slug":"inicia-el-segundo-modulo-de-la-vinotinto-sub-20","status":"publish","type":"post","link":"http:\/\/gradadigital.com\/home\/inicia-el-segundo-modulo-de-la-vinotinto-sub-20\/","title":{"rendered":"Inicia el segundo m\u00f3dulo de la Vinotinto sub-20"},"content":{"rendered":"<p style=\"text-align: center;\"><img loading=\"lazy\" decoding=\"async\" class=\"alignnone size-full wp-image-22913\" src=\"http:\/\/gradadigital.com\/home\/wp-content\/uploads\/2015\/09\/rafael_dudamel_venezuela_sub20_20092015.jpg\" alt=\"rafael_dudamel_venezuela_sub20_20092015\" width=\"682\" height=\"455\" srcset=\"http:\/\/gradadigital.com\/home\/wp-content\/uploads\/2015\/09\/rafael_dudamel_venezuela_sub20_20092015.jpg 682w, http:\/\/gradadigital.com\/home\/wp-content\/uploads\/2015\/09\/rafael_dudamel_venezuela_sub20_20092015-300x200.jpg 300w\" sizes=\"auto, (max-width: 682px) 100vw, 682px\" \/><\/p>\n<p style=\"text-align: justify;\"><strong>Prensa Vinotinto &#8211;<\/strong>\u00a0La selecci\u00f3n nacional sub-20 iniciar\u00e1 ma\u00f1ana su segundo m\u00f3dulo de preparaci\u00f3n que se extender\u00e1 hasta el jueves 24 de septiembre en la ciudad de San Felipe, estado Yaracuy como preparaci\u00f3n al Sudamericano sub-20 que se realizar\u00e1 en Ecuador en 2017.<br \/>\nEl seleccionador nacional Rafael Dudamel, contar\u00e1 con 33 convocados, 22 de ellos ya estuvieron presentes en el primer m\u00f3dulo de trabajo que se realiz\u00f3 del 31 de agosto al 4 de septiembre en la misma ciudad.<\/p>\n<p style=\"text-align: justify;\">Un total de 11 futbolistas fueron llamados por primera vez, ellos son Jes\u00fas Camargo, Yeferson Moreno, Oscar Parra, Gerson Montilla, Jhonny Parima, Julio D\u00edaz, Sandro Notaroberto, Sergio Sulbaran, Daniel Saggiomo, V\u00edctor Arias y Franklin Gonz\u00e1lez.<\/p>\n<p style=\"text-align: justify;\">Los jugadores tienen previsto reunirse en el hotel de concentraci\u00f3n en horas del mediod\u00eda. A las seis de la tarde se realizar\u00e1 el primer entrenamiento en el estadio Florentino Oropeza.<\/p>\n<p style=\"text-align: justify;\">Convocatoria:<br \/>\n1. Rafael S\u00e1nchez Deportivo T\u00e1chira<br \/>\n2. Luis Corredor Aragua FC<br \/>\n3. Jes\u00fas Camargo Atl\u00e9tico Socop\u00f3<br \/>\n4. Eli\u00e1n Guillen Deportivo Lara<br \/>\n5. Diego Osio Carabobo FC<br \/>\n6. Josua Mej\u00edas Carabobo FC<br \/>\n7. H\u00e9ctor Bello Zulia FC<br \/>\n8. Eduardo Dias Atl\u00e9tico Venezuela<br \/>\n9. Ronald Hern\u00e1ndez Zamora FC<br \/>\n10. Yeferson Moreno Ure\u00f1a SC<br \/>\n11. Oscar Parra Atl\u00e9tico Chivacoa<br \/>\n12. Carlos Zabala Aragua FC<br \/>\n13. Gerson Montilla Trujillanos FC<br \/>\n14. Jhonny Parima Portuguesa FC<br \/>\n15. Eduin Quero Deportivo T\u00e1chira<br \/>\n16. Jhonny Monsalve Deportivo T\u00e1chira<br \/>\n17. Cristhian Rivas Estudiantes De M\u00e9rida<br \/>\n18. Julio D\u00edaz Deportivo Anzo\u00e1tegui<br \/>\n19. Yangel Herrera Monagas SC<br \/>\n20. \u00c1ngel Lezama Mineros de Guayana<br \/>\n21. Sergio C\u00f3rdova Caracas FC<br \/>\n22. Luis Ram\u00edrez Estudiantes De Caracas<br \/>\n23. Heber Garc\u00eda Portuguesa FC<br \/>\n24. Sandro Notaroberto Deportivo La Guaira<br \/>\n25. Sergio Sulbaran Academia Puerto Cabello<br \/>\n26 Edson Tortolero Potros De Barinas<br \/>\n27 Ronaldo Chac\u00f3n Deportivo T\u00e1chira<br \/>\n28 Daniel Saggiomo Caracas FC<br \/>\n29 Antonio Romero Deportivo Lara<br \/>\n30 Luis Villareal Zulia FC<br \/>\n31 Gregory Araque Deportivo Anzo\u00e1tegui<br \/>\n32 V\u00edctor Arias Zamora FC<br \/>\n33 Franklin Gonz\u00e1lez Trujillanos FC<\/p>\n","protected":false},"excerpt":{"rendered":"<p>Prensa Vinotinto &#8211;\u00a0La selecci\u00f3n nacional sub-20 iniciar\u00e1 ma\u00f1ana su segundo m\u00f3dulo de preparaci\u00f3n que se extender\u00e1 hasta el jueves 24 de septiembre en la ciudad de San Felipe, estado Yaracuy como preparaci\u00f3n al Sudamericano sub-20 que se realizar\u00e1 en Ecuador en 2017. El seleccionador nacional Rafael Dudamel, contar\u00e1 con 33 convocados, 22 de ellos ya &#8230;<\/p>\n","protected":false},"author":4,"featured_media":22913,"comment_status":"closed","ping_status":"closed","sticky":false,"template":"","format":"standard","meta":{"footnotes":""},"categories":[752,39,3],"tags":[],"class_list":["post-22912","post","type-post","status-publish","format-standard","has-post-thumbnail","hentry","category-appgd","category-seleccion-nacional-juveniles","category-seleccion-nacional"],"_links":{"self":[{"href":"http:\/\/gradadigital.com\/home\/wp-json\/wp\/v2\/posts\/22912","targetHints":{"allow":["GET"]}}],"collection":[{"href":"http:\/\/gradadigital.com\/home\/wp-json\/wp\/v2\/posts"}],"about":[{"href":"http:\/\/gradadigital.com\/home\/wp-json\/wp\/v2\/types\/post"}],"author":[{"embeddable":true,"href":"http:\/\/gradadigital.com\/home\/wp-json\/wp\/v2\/users\/4"}],"replies":[{"embeddable":true,"href":"http:\/\/gradadigital.com\/home\/wp-json\/wp\/v2\/comments?post=22912"}],"version-history":[{"count":1,"href":"http:\/\/gradadigital.com\/home\/wp-json\/wp\/v2\/posts\/22912\/revisions"}],"predecessor-version":[{"id":22914,"href":"http:\/\/gradadigital.com\/home\/wp-json\/wp\/v2\/posts\/22912\/revisions\/22914"}],"wp:featuredmedia":[{"embeddable":true,"href":"http:\/\/gradadigital.com\/home\/wp-json\/wp\/v2\/media\/22913"}],"wp:attachment":[{"href":"http:\/\/gradadigital.com\/home\/wp-json\/wp\/v2\/media?parent=22912"}],"wp:term":[{"taxonomy":"category","embeddable":true,"href":"http:\/\/gradadigital.com\/home\/wp-json\/wp\/v2\/categories?post=22912"},{"taxonomy":"post_tag","embeddable":true,"href":"http:\/\/gradadigital.com\/home\/wp-json\/wp\/v2\/tags?post=22912"}],"curies":[{"name":"wp","href":"https:\/\/api.w.org\/{rel}","templated":true}]}}