{"id":22875,"date":"2015-09-18T13:48:25","date_gmt":"2015-09-18T18:18:25","guid":{"rendered":"http:\/\/gradadigital.com\/home\/?p=22875"},"modified":"2015-09-18T13:48:25","modified_gmt":"2015-09-18T18:18:25","slug":"jose-hernandez-asumira-direccion-tecnica-de-la-vinotinto-sub-17","status":"publish","type":"post","link":"http:\/\/gradadigital.com\/home\/jose-hernandez-asumira-direccion-tecnica-de-la-vinotinto-sub-17\/","title":{"rendered":"Jos\u00e9 Hern\u00e1ndez asumir\u00e1 direcci\u00f3n t\u00e9cnica de la Vinotinto Sub-17"},"content":{"rendered":"<p style=\"text-align: center;\"><img decoding=\"async\" src=\"http:\/\/gradadigital.com\/home\/wp-content\/uploads\/2013\/07\/jose_hernandez_florencia_sardi_entrenamiento_atlvenezuela_05072013.jpg\" alt=\"\" \/><\/p>\n<p style=\"text-align: center;\"><img decoding=\"async\" src=\"http:\/\/gradadigital.com\/home\/wp-content\/uploads\/2014\/12\/banner_opcion_comentarios_gd.jpg\" alt=\"\" \/><\/p>\n<p style=\"text-align: justify;\"><strong>Prensa FVF &#8211;<\/strong> El director t\u00e9cnico venezolano Jos\u00e9 Hern\u00e1ndez asumir\u00e1 desde el pr\u00f3ximo mi\u00e9rcoles 23 de septiembre la conducci\u00f3n de la selecci\u00f3n de f\u00fatbol Vinotinto de la categor\u00eda Sub-17, seg\u00fan lo inform\u00f3 este viernes el presidente de la Federaci\u00f3n Venezolana de F\u00fatbol, Laureano Gonz\u00e1lez.<\/p>\n<p style=\"text-align: justify;\">Explic\u00f3 el federativo que ese d\u00eda se producir\u00e1 una rueda de prensa para presentarlo en forma oficial, acto que se celebrar\u00e1 en el auditorio de la FVF, en Caracas, y en el cual estar\u00e1 presente tambi\u00e9n el seleccionador nacional de f\u00fatbol de Venezuela, el director t\u00e9cnico Noel Sanvicente.<\/p>\n<p style=\"text-align: justify;\">Hern\u00e1ndez es un entrenador con sobrados pergaminos en la conducci\u00f3n de equipos, su debut se produjo en 2003 con el equipo Caracas FC de la categor\u00eda B; posteriormente, dirigi\u00f3 a Minerven Bol\u00edvar, Deportivo Anzo\u00e1tegui, Mineros de Guayana y desde 2011 hasta este a\u00f1o condujo los destinos del Atl\u00e9tico Venezuela de la primera divisi\u00f3n local.<\/p>\n<p style=\"text-align: center;\"><a href=\"https:\/\/play.google.com\/store\/apps\/details?id=com.app.gradadigital\" target=\"_blank\"><img decoding=\"async\" src=\"http:\/\/gradadigital.com\/home\/wp-content\/uploads\/2014\/10\/banner_aplicacion_V2_GRADADIGITAL_17102014.jpg\" alt=\"\" \/><\/a><\/p>\n","protected":false},"excerpt":{"rendered":"<p>Prensa FVF &#8211; El director t\u00e9cnico venezolano Jos\u00e9 Hern\u00e1ndez asumir\u00e1 desde el pr\u00f3ximo mi\u00e9rcoles 23 de septiembre la conducci\u00f3n de la selecci\u00f3n de f\u00fatbol Vinotinto de la categor\u00eda Sub-17, seg\u00fan lo inform\u00f3 este viernes el presidente de la Federaci\u00f3n Venezolana de F\u00fatbol, Laureano Gonz\u00e1lez. Explic\u00f3 el federativo que ese d\u00eda se producir\u00e1 una rueda de &#8230;<\/p>\n","protected":false},"author":3,"featured_media":2138,"comment_status":"closed","ping_status":"closed","sticky":false,"template":"","format":"standard","meta":{"footnotes":""},"categories":[752,39,3],"tags":[],"class_list":["post-22875","post","type-post","status-publish","format-standard","has-post-thumbnail","hentry","category-appgd","category-seleccion-nacional-juveniles","category-seleccion-nacional"],"_links":{"self":[{"href":"http:\/\/gradadigital.com\/home\/wp-json\/wp\/v2\/posts\/22875","targetHints":{"allow":["GET"]}}],"collection":[{"href":"http:\/\/gradadigital.com\/home\/wp-json\/wp\/v2\/posts"}],"about":[{"href":"http:\/\/gradadigital.com\/home\/wp-json\/wp\/v2\/types\/post"}],"author":[{"embeddable":true,"href":"http:\/\/gradadigital.com\/home\/wp-json\/wp\/v2\/users\/3"}],"replies":[{"embeddable":true,"href":"http:\/\/gradadigital.com\/home\/wp-json\/wp\/v2\/comments?post=22875"}],"version-history":[{"count":1,"href":"http:\/\/gradadigital.com\/home\/wp-json\/wp\/v2\/posts\/22875\/revisions"}],"predecessor-version":[{"id":22876,"href":"http:\/\/gradadigital.com\/home\/wp-json\/wp\/v2\/posts\/22875\/revisions\/22876"}],"wp:featuredmedia":[{"embeddable":true,"href":"http:\/\/gradadigital.com\/home\/wp-json\/wp\/v2\/media\/2138"}],"wp:attachment":[{"href":"http:\/\/gradadigital.com\/home\/wp-json\/wp\/v2\/media?parent=22875"}],"wp:term":[{"taxonomy":"category","embeddable":true,"href":"http:\/\/gradadigital.com\/home\/wp-json\/wp\/v2\/categories?post=22875"},{"taxonomy":"post_tag","embeddable":true,"href":"http:\/\/gradadigital.com\/home\/wp-json\/wp\/v2\/tags?post=22875"}],"curies":[{"name":"wp","href":"https:\/\/api.w.org\/{rel}","templated":true}]}}