{"id":22839,"date":"2015-09-17T18:28:14","date_gmt":"2015-09-17T22:58:14","guid":{"rendered":"http:\/\/gradadigital.com\/home\/?p=22839"},"modified":"2015-09-17T18:28:14","modified_gmt":"2015-09-17T22:58:14","slug":"fijada-la-fecha-del-partido-la-guaira-vs-portuguesa","status":"publish","type":"post","link":"http:\/\/gradadigital.com\/home\/fijada-la-fecha-del-partido-la-guaira-vs-portuguesa\/","title":{"rendered":"Fijada la fecha del partido La Guaira vs Portuguesa"},"content":{"rendered":"<p style=\"text-align: center;\"><img decoding=\"async\" src=\"http:\/\/gradadigital.com\/home\/wp-content\/uploads\/2015\/08\/darwin_gonzalez_laguaira_tachira_15082015.jpg\" alt=\"\" \/><\/p>\n<p style=\"text-align: center;\"><img decoding=\"async\" src=\"http:\/\/gradadigital.com\/home\/wp-content\/uploads\/2014\/12\/banner_opcion_comentarios_gd.jpg\" alt=\"\" \/><\/p>\n<p style=\"text-align: justify;\"><strong>Prensa FVF &#8211;<\/strong> La Comisi\u00f3n de Torneos Nacionales inform\u00f3 hoy la nueva fecha de realizaci\u00f3n del partido entre los equipos Deportivo La Guaira vs Portuguesa FC, de la Primera Divisi\u00f3n del Torneo Adecuaci\u00f3n 2015, Copa Traki.<\/p>\n<p style=\"text-align: justify;\">Seg\u00fan Gerardo Rivero, coordinador de la CTN, ese encuentro que estaba se\u00f1alado para la Jornada 11, del s\u00e1bado 19 de septiembre del a\u00f1o en curso, y se jugar\u00e1 finalmente el lunes 21 de este mismo mes, a partir de las 5:00 pm, en el estadio Ol\u00edmpico de Caracas.<\/p>\n<p style=\"text-align: center;\"><a href=\"http:\/\/play.google.com\/store\/apps\/details?id=com.app.gradadigital\" target=\"_blank\"><img decoding=\"async\" src=\"http:\/\/gradadigital.com\/home\/wp-content\/uploads\/2014\/10\/banner_aplicacion_V2_GRADADIGITAL_17102014.jpg\" alt=\"\" \/><\/a><\/p>\n","protected":false},"excerpt":{"rendered":"<p>Prensa FVF &#8211; La Comisi\u00f3n de Torneos Nacionales inform\u00f3 hoy la nueva fecha de realizaci\u00f3n del partido entre los equipos Deportivo La Guaira vs Portuguesa FC, de la Primera Divisi\u00f3n del Torneo Adecuaci\u00f3n 2015, Copa Traki. Seg\u00fan Gerardo Rivero, coordinador de la CTN, ese encuentro que estaba se\u00f1alado para la Jornada 11, del s\u00e1bado 19 &#8230;<\/p>\n","protected":false},"author":3,"featured_media":22652,"comment_status":"closed","ping_status":"closed","sticky":false,"template":"","format":"standard","meta":{"footnotes":""},"categories":[752,18,5,17,31],"tags":[],"class_list":["post-22839","post","type-post","status-publish","format-standard","has-post-thumbnail","hentry","category-appgd","category-real-esppor","category-futbol-nacional","category-portuguesa-fc","category-primera-division"],"_links":{"self":[{"href":"http:\/\/gradadigital.com\/home\/wp-json\/wp\/v2\/posts\/22839","targetHints":{"allow":["GET"]}}],"collection":[{"href":"http:\/\/gradadigital.com\/home\/wp-json\/wp\/v2\/posts"}],"about":[{"href":"http:\/\/gradadigital.com\/home\/wp-json\/wp\/v2\/types\/post"}],"author":[{"embeddable":true,"href":"http:\/\/gradadigital.com\/home\/wp-json\/wp\/v2\/users\/3"}],"replies":[{"embeddable":true,"href":"http:\/\/gradadigital.com\/home\/wp-json\/wp\/v2\/comments?post=22839"}],"version-history":[{"count":1,"href":"http:\/\/gradadigital.com\/home\/wp-json\/wp\/v2\/posts\/22839\/revisions"}],"predecessor-version":[{"id":22840,"href":"http:\/\/gradadigital.com\/home\/wp-json\/wp\/v2\/posts\/22839\/revisions\/22840"}],"wp:featuredmedia":[{"embeddable":true,"href":"http:\/\/gradadigital.com\/home\/wp-json\/wp\/v2\/media\/22652"}],"wp:attachment":[{"href":"http:\/\/gradadigital.com\/home\/wp-json\/wp\/v2\/media?parent=22839"}],"wp:term":[{"taxonomy":"category","embeddable":true,"href":"http:\/\/gradadigital.com\/home\/wp-json\/wp\/v2\/categories?post=22839"},{"taxonomy":"post_tag","embeddable":true,"href":"http:\/\/gradadigital.com\/home\/wp-json\/wp\/v2\/tags?post=22839"}],"curies":[{"name":"wp","href":"https:\/\/api.w.org\/{rel}","templated":true}]}}