{"id":22830,"date":"2015-09-17T12:30:55","date_gmt":"2015-09-17T17:00:55","guid":{"rendered":"http:\/\/gradadigital.com\/home\/?p=22830"},"modified":"2015-09-17T12:30:55","modified_gmt":"2015-09-17T17:00:55","slug":"suspendido-encuentro-entre-la-guaira-y-el-caracas-fc","status":"publish","type":"post","link":"http:\/\/gradadigital.com\/home\/suspendido-encuentro-entre-la-guaira-y-el-caracas-fc\/","title":{"rendered":"Suspendido encuentro entre La Guaira y el Caracas FC"},"content":{"rendered":"<p style=\"text-align: center;\"><img loading=\"lazy\" decoding=\"async\" class=\"alignnone size-full wp-image-11228\" src=\"http:\/\/gradadigital.com\/home\/wp-content\/uploads\/2014\/04\/federacionvenezolanadefutbol_fvf_oficinas_sabanagrande_13012011.jpg\" alt=\"federacionvenezolanadefutbol_fvf_oficinas_sabanagrande_13012011\" width=\"596\" height=\"346\" srcset=\"http:\/\/gradadigital.com\/home\/wp-content\/uploads\/2014\/04\/federacionvenezolanadefutbol_fvf_oficinas_sabanagrande_13012011.jpg 596w, http:\/\/gradadigital.com\/home\/wp-content\/uploads\/2014\/04\/federacionvenezolanadefutbol_fvf_oficinas_sabanagrande_13012011-300x174.jpg 300w\" sizes=\"auto, (max-width: 596px) 100vw, 596px\" \/><\/p>\n<p style=\"text-align: justify;\"><strong>PRENSA FVF\/CARACAS &#8211;\u00a0<\/strong>La Comisi\u00f3n de Torneos Nacionales de la Federaci\u00f3n Venezolana de F\u00fatbol dio a conocer los partidos que fueron reprogramados y suspendidos, correspondientes a la Copa Venezuela y el Torneo de Adecuaci\u00f3n 2015.<\/p>\n<p style=\"text-align: justify;\">Gerardo Rivero, coordinador de la citada comisi\u00f3n, preciso lo siguiente:<\/p>\n<ul style=\"text-align: justify;\">\n<li><strong>COPA VENEZUELA 2015:<\/strong><\/li>\n<\/ul>\n<p style=\"text-align: justify;\">DVO. La Guaira vs Caracas FC (fue suspendido ya que el Deportivo la Guaira no lleg\u00f3 a tiempo por compromisos con la Copa Sudamericana)<\/p>\n<ul style=\"text-align: justify;\">\n<li><strong>TORNEO DE ADECUACI\u00d3N , SEGUNDA DIVISI\u00d3N 2015:<\/strong><\/li>\n<\/ul>\n<p style=\"text-align: justify;\">Diamantes FC vs Monagas SC, ser\u00e1 el d\u00eda 23-09-2015 y no el 21-09-2015 como se hab\u00eda publicado con anterioridad.<\/p>\n","protected":false},"excerpt":{"rendered":"<p>PRENSA FVF\/CARACAS &#8211;\u00a0La Comisi\u00f3n de Torneos Nacionales de la Federaci\u00f3n Venezolana de F\u00fatbol dio a conocer los partidos que fueron reprogramados y suspendidos, correspondientes a la Copa Venezuela y el Torneo de Adecuaci\u00f3n 2015. Gerardo Rivero, coordinador de la citada comisi\u00f3n, preciso lo siguiente: COPA VENEZUELA 2015: DVO. La Guaira vs Caracas FC (fue suspendido &#8230;<\/p>\n","protected":false},"author":4,"featured_media":11228,"comment_status":"closed","ping_status":"closed","sticky":false,"template":"","format":"standard","meta":{"footnotes":""},"categories":[752,9,34,18,5],"tags":[],"class_list":["post-22830","post","type-post","status-publish","format-standard","has-post-thumbnail","hentry","category-appgd","category-caracas-fc","category-copa-venezuela","category-real-esppor","category-futbol-nacional"],"_links":{"self":[{"href":"http:\/\/gradadigital.com\/home\/wp-json\/wp\/v2\/posts\/22830","targetHints":{"allow":["GET"]}}],"collection":[{"href":"http:\/\/gradadigital.com\/home\/wp-json\/wp\/v2\/posts"}],"about":[{"href":"http:\/\/gradadigital.com\/home\/wp-json\/wp\/v2\/types\/post"}],"author":[{"embeddable":true,"href":"http:\/\/gradadigital.com\/home\/wp-json\/wp\/v2\/users\/4"}],"replies":[{"embeddable":true,"href":"http:\/\/gradadigital.com\/home\/wp-json\/wp\/v2\/comments?post=22830"}],"version-history":[{"count":1,"href":"http:\/\/gradadigital.com\/home\/wp-json\/wp\/v2\/posts\/22830\/revisions"}],"predecessor-version":[{"id":22831,"href":"http:\/\/gradadigital.com\/home\/wp-json\/wp\/v2\/posts\/22830\/revisions\/22831"}],"wp:featuredmedia":[{"embeddable":true,"href":"http:\/\/gradadigital.com\/home\/wp-json\/wp\/v2\/media\/11228"}],"wp:attachment":[{"href":"http:\/\/gradadigital.com\/home\/wp-json\/wp\/v2\/media?parent=22830"}],"wp:term":[{"taxonomy":"category","embeddable":true,"href":"http:\/\/gradadigital.com\/home\/wp-json\/wp\/v2\/categories?post=22830"},{"taxonomy":"post_tag","embeddable":true,"href":"http:\/\/gradadigital.com\/home\/wp-json\/wp\/v2\/tags?post=22830"}],"curies":[{"name":"wp","href":"https:\/\/api.w.org\/{rel}","templated":true}]}}