{"id":22648,"date":"2015-08-16T19:13:20","date_gmt":"2015-08-16T23:43:20","guid":{"rendered":"http:\/\/gradadigital.com\/home\/?p=22648"},"modified":"2015-08-17T11:17:53","modified_gmt":"2015-08-17T15:47:53","slug":"portuguesa-gana-el-clasico-en-guanare","status":"publish","type":"post","link":"http:\/\/gradadigital.com\/home\/portuguesa-gana-el-clasico-en-guanare\/","title":{"rendered":"Portuguesa gana el cl\u00e1sico en Guanare"},"content":{"rendered":"<p style=\"text-align: center;\"><img loading=\"lazy\" decoding=\"async\" class=\"alignnone size-full wp-image-22649\" src=\"http:\/\/gradadigital.com\/home\/wp-content\/uploads\/2015\/08\/portuguesa_llaneros_16082015.jpg\" alt=\"portuguesa_llaneros_16082015\" width=\"682\" height=\"455\" srcset=\"http:\/\/gradadigital.com\/home\/wp-content\/uploads\/2015\/08\/portuguesa_llaneros_16082015.jpg 682w, http:\/\/gradadigital.com\/home\/wp-content\/uploads\/2015\/08\/portuguesa_llaneros_16082015-300x200.jpg 300w\" sizes=\"auto, (max-width: 682px) 100vw, 682px\" \/><\/p>\n<p style=\"text-align: center;\"><img loading=\"lazy\" decoding=\"async\" class=\"alignnone size-full wp-image-16349\" src=\"http:\/\/gradadigital.com\/home\/wp-content\/uploads\/2014\/12\/banner_opcion_comentarios_gd.jpg\" alt=\"banner_opcion_comentarios_gd\" width=\"621\" height=\"41\" srcset=\"http:\/\/gradadigital.com\/home\/wp-content\/uploads\/2014\/12\/banner_opcion_comentarios_gd.jpg 621w, http:\/\/gradadigital.com\/home\/wp-content\/uploads\/2014\/12\/banner_opcion_comentarios_gd-300x19.jpg 300w, http:\/\/gradadigital.com\/home\/wp-content\/uploads\/2014\/12\/banner_opcion_comentarios_gd-620x41.jpg 620w\" sizes=\"auto, (max-width: 621px) 100vw, 621px\" \/><\/p>\n<p style=\"text-align: justify;\"><strong>Prensa Portuguesa FC &#8211;\u00a0<\/strong>El Cl\u00e1sico n\u00famero 34 entre el Portuguesa FC y el Llaneros de Guanare EF, dej\u00f3 buenas sensaciones para los rojinegros, en la jornada 7 del Torneo Adecuaci\u00f3n lanceros y coromotanos se citaban en el Rafael Calles Pinto para escribir otra p\u00e1gina en 29 a\u00f1os de rivalidad.<\/p>\n<p style=\"text-align: justify;\">La abundante lluvia que cay\u00f3 sobre la cancha de la capital portuguese\u00f1a era el principal ingrediente previo al compromiso, as\u00ed comenzaba el encuentro entre ambas oncenas, al 2\u2019 llegaba la primera clara, tiro de esquina para los rojinegros que lograba conectar Carrillo, su disparo iba directo a las manos de Alexis Angulo.<\/p>\n<p style=\"text-align: justify;\">Jugada seguida, Jos\u00e9 Torres ten\u00eda una oportunidad clara al sacar disparo hacia al arco rojinegro, pero David Gonz\u00e1lez de gran forma tapaba la ocasi\u00f3n, primeros minutos movidos en Guanare.<\/p>\n<p style=\"text-align: justify;\">Al 23\u2019 nuevamente Gonz\u00e1lez era protagonista, una falta de Lin\u00e1rez creaba tiro libre para Llaneros, el disparo le quedaba a Perozo, se equivocaba el defensa visitante y el meta rojinegro estaba atento para dejar el arco en cero.<\/p>\n<p style=\"text-align: justify;\">Dos minutos despu\u00e9s, al 25\u2019, el caraque\u00f1o Andr\u00e9s Hern\u00e1ndez creaba una buena oportunidad, sacaba el disparo y el esf\u00e9rico se estrellaba en el travesa\u00f1o, era una clara para el Portuguesa, que ya empezaba a tocar la puerta.<\/p>\n<p style=\"text-align: justify;\">Segu\u00eda el partido, al 28\u2019 Joel C\u00e1ceres sub\u00eda por la banda derecha, la lograba centrar y Keiner P\u00e9rez, frente al arco cabeceaba a un lado, era el primero para los dirigidos por Lenin Bastidas, se salvaban los de casa.<\/p>\n<p style=\"text-align: justify;\">Pero al fin llegar\u00eda el grito de gol, al 41\u2019, tiro de esquina para el Portuguesa, centro de Heber Garc\u00eda, sale mal Angulo, deja el arco a disposici\u00f3n y Edgar Carrillo la agarra como ven\u00eda de derecha mand\u00e1ndola a guardar, 0-1 se iba arriba el rojinegro, as\u00ed culminaban los primeros 45 minutos en el Calles Pinto, victoria parcial de los lanceros.<\/p>\n<p style=\"text-align: justify;\">En la segunda mitad, Llaneros sal\u00eda con otra mentalidad, con ganas de buscar el empate, solo un minuto en el reloj y el juvenil Anahan Pacheco tuvo el empate, la empujaba suave a un lado del palo derecho del arco de Gonz\u00e1lez, se salvaba el rojinegro; luego al 54\u2019 nuevamente Pacheco, le quedaba la pelota frente a Gonz\u00e1lez y el juvenil fallaba el disparo, los locales sal\u00edan con todo en la segunda parte buscando el empate.<\/p>\n<p style=\"text-align: justify;\">Al 63\u2019 el rojinegro ten\u00eda el chance de ampliar la diferencia, por medio de Keiner P\u00e9rez, quien creaba buena jugada frente a Alexis Angulo, se sacaba de encima al meta de Llaneros, pero con el arco a disposici\u00f3n fallaba el \u201c9\u201d del Portuguesa, era clara la oportunidad.<\/p>\n<p style=\"text-align: justify;\">Cuando el reloj marcaba el minuto 70\u2019 Luis Mart\u00ednez tuvo en su bot\u00edn el segundo, jugada que creaba en combinaci\u00f3n con Keiner P\u00e9rez y la defensa sacaba el disparo de Mart\u00ednez.<\/p>\n<p style=\"text-align: justify;\">As\u00ed fueron pasando los minutos, los de casa se desesperaban buscando el empate pero la cancha que no estaba en su mejor forma como la zaga rojinegra no permit\u00eda que llegaran los Llaneros, de esta forma el principal Jos\u00e9 Marquina ve\u00eda su cron\u00f3metro y el meride\u00f1o pitaba el final del partido, enrome victoria rojinegra en el cl\u00e1sico, tres puntos de oro para el Portuguesa que llega a 8 en el torneo.<\/p>\n<p style=\"text-align: justify;\">La pr\u00f3xima jornada para los rojinegros, ser\u00e1 el domingo 23\/08 ante el Tucanes de Amazonas, en el Estadio Gral. Jos\u00e9 Antonio P\u00e1ez.<\/p>\n<p style=\"text-align: center;\"><a href=\"https:\/\/play.google.com\/store\/apps\/details?id=com.app.gradadigital\" target=\"_blank\"><img loading=\"lazy\" decoding=\"async\" class=\"alignnone size-full wp-image-15415\" src=\"http:\/\/gradadigital.com\/home\/wp-content\/uploads\/2014\/10\/banner_aplicacion_V2_GRADADIGITAL_17102014.jpg\" alt=\"banner_aplicacion_V2_GRADADIGITAL_17102014\" width=\"620\" height=\"100\" srcset=\"http:\/\/gradadigital.com\/home\/wp-content\/uploads\/2014\/10\/banner_aplicacion_V2_GRADADIGITAL_17102014.jpg 620w, http:\/\/gradadigital.com\/home\/wp-content\/uploads\/2014\/10\/banner_aplicacion_V2_GRADADIGITAL_17102014-300x48.jpg 300w\" sizes=\"auto, (max-width: 620px) 100vw, 620px\" \/><\/a><\/p>\n<p style=\"text-align: justify;\"><strong>FICHA T\u00c9CNICA | TORNEO ADECUACI\u00d3N 2015 \u2013 LIGA TRAKI | JORNADA 7<\/strong><\/p>\n<p style=\"text-align: justify;\"><strong>LLANEROS DE GUANARE E.F. (0):<\/strong> 1. Alexis Angulo; 2. Douglas Julio; 4. \u00c1ngel Ojeda; 6. Alexander Osorio (28. Hern\u00e1n Ocampo 76\u2019); 10. Jos\u00e9 Torres; 11. Jos\u00e9 Mauricio Parra; 13. \u00c1ngel Urdaneta (19. Armando Araque 63\u2019); 15. Darvis Rodr\u00edguez; 21. Anahan Pacheco* (25. Jos\u00e9 Mart\u00ednez* 58\u2019); 23. Gilson Salazar; 24. Norberto Riasco. DT \u2013 Jorge P\u00e9rez.<\/p>\n<p style=\"text-align: justify;\"><strong>SUPLENTES SIN JUGAR:<\/strong> 22. Johel Semidey; 9. Charles Mart\u00ednez; 18. Ronald Mora; 30. Jackson Romero.<\/p>\n<p style=\"text-align: justify;\"><strong>PORTUGUESA F\u00daTBOL CLUB (1):<\/strong> 22. David Gonz\u00e1lez; 2. Jorge Luna; 3. Daniel Lin\u00e1rez; 6. Joel C\u00e1ceres; 11. Edgar Carrillo; 15. Andr\u00e9s Hern\u00e1ndez; 19. Keiner P\u00e9rez (33. Egwar Valbuena 89\u2019); 23. Adolfo Perozo; 25. Luis Mart\u00ednez; 30. Carlos Alfaro (17. Edgar Rodr\u00edguez 69\u2019); 35. Heber Garc\u00eda* (32. Jhonny Parima* 46\u2019). DT \u2013 Lenin Bastidas.<\/p>\n<p style=\"text-align: justify;\"><strong>SUPLENTES SIN JUGAR:<\/strong> 1. Eduardo Lima; 18. Freddy V\u00e1squez*; 21. Jhon March\u00e1n*; 28. Rafael Garc\u00eda.<\/p>\n<p style=\"text-align: justify;\"><strong>GOL:<\/strong> Edgar Carrillo 41\u2019 (PFC).<\/p>\n<p style=\"text-align: justify;\"><strong>AMONESTADOS:<\/strong> Jos\u00e9 M. Parra 83\u2019 (LLA); David Gonz\u00e1lez 90+3\u2019 (PFC).<\/p>\n<p style=\"text-align: justify;\"><strong>EXPULSADOS:<\/strong> N\/H.<\/p>\n<p style=\"text-align: justify;\"><strong>PRINCIPAL:<\/strong> Jos\u00e9 Marquina (M\u00e9rida).<\/p>\n<p style=\"text-align: justify;\"><strong>ESTADIO:<\/strong> Rafael Calles Pinto, Guanare (Portuguesa).<\/p>\n","protected":false},"excerpt":{"rendered":"<p>Prensa Portuguesa FC &#8211;\u00a0El Cl\u00e1sico n\u00famero 34 entre el Portuguesa FC y el Llaneros de Guanare EF, dej\u00f3 buenas sensaciones para los rojinegros, en la jornada 7 del Torneo Adecuaci\u00f3n lanceros y coromotanos se citaban en el Rafael Calles Pinto para escribir otra p\u00e1gina en 29 a\u00f1os de rivalidad. La abundante lluvia que cay\u00f3 sobre &#8230;<\/p>\n","protected":false},"author":4,"featured_media":22649,"comment_status":"closed","ping_status":"closed","sticky":false,"template":"","format":"standard","meta":{"footnotes":""},"categories":[752,5,14,17,31],"tags":[],"class_list":["post-22648","post","type-post","status-publish","format-standard","has-post-thumbnail","hentry","category-appgd","category-futbol-nacional","category-llaneros-fc","category-portuguesa-fc","category-primera-division"],"_links":{"self":[{"href":"http:\/\/gradadigital.com\/home\/wp-json\/wp\/v2\/posts\/22648","targetHints":{"allow":["GET"]}}],"collection":[{"href":"http:\/\/gradadigital.com\/home\/wp-json\/wp\/v2\/posts"}],"about":[{"href":"http:\/\/gradadigital.com\/home\/wp-json\/wp\/v2\/types\/post"}],"author":[{"embeddable":true,"href":"http:\/\/gradadigital.com\/home\/wp-json\/wp\/v2\/users\/4"}],"replies":[{"embeddable":true,"href":"http:\/\/gradadigital.com\/home\/wp-json\/wp\/v2\/comments?post=22648"}],"version-history":[{"count":1,"href":"http:\/\/gradadigital.com\/home\/wp-json\/wp\/v2\/posts\/22648\/revisions"}],"predecessor-version":[{"id":22650,"href":"http:\/\/gradadigital.com\/home\/wp-json\/wp\/v2\/posts\/22648\/revisions\/22650"}],"wp:featuredmedia":[{"embeddable":true,"href":"http:\/\/gradadigital.com\/home\/wp-json\/wp\/v2\/media\/22649"}],"wp:attachment":[{"href":"http:\/\/gradadigital.com\/home\/wp-json\/wp\/v2\/media?parent=22648"}],"wp:term":[{"taxonomy":"category","embeddable":true,"href":"http:\/\/gradadigital.com\/home\/wp-json\/wp\/v2\/categories?post=22648"},{"taxonomy":"post_tag","embeddable":true,"href":"http:\/\/gradadigital.com\/home\/wp-json\/wp\/v2\/tags?post=22648"}],"curies":[{"name":"wp","href":"https:\/\/api.w.org\/{rel}","templated":true}]}}