{"id":22541,"date":"2015-08-06T22:05:47","date_gmt":"2015-08-07T02:35:47","guid":{"rendered":"http:\/\/gradadigital.com\/home\/?p=22541"},"modified":"2015-08-06T22:05:47","modified_gmt":"2015-08-07T02:35:47","slug":"venezuela-se-ubico-en-el-puesto-48-en-el-ranking-fifa","status":"publish","type":"post","link":"http:\/\/gradadigital.com\/home\/venezuela-se-ubico-en-el-puesto-48-en-el-ranking-fifa\/","title":{"rendered":"Venezuela se ubic\u00f3 en el puesto 48 en el Ranking FIFA"},"content":{"rendered":"<p style=\"text-align: center;\"><img decoding=\"async\" class=\"details-image\" draggable=\"false\" src=\"http:\/\/gradadigital.com\/home\/wp-content\/uploads\/2015\/06\/juan_arango_salomon_rondon_colombia_venezuela_14062015.jpg\" alt=\"\" \/><\/p>\n<p style=\"text-align: center;\"><img decoding=\"async\" src=\"http:\/\/gradadigital.com\/home\/wp-content\/uploads\/2014\/12\/banner_opcion_comentarios_gd.jpg\" alt=\"http:\/\/gradadigital.com\/home\/wp-content\/uploads\/2014\/12\/banner_opcion_comentarios_gd.jpg\" \/><\/p>\n<p style=\"text-align: justify;\"><strong>Prensa FVF &#8211;<\/strong> La selecci\u00f3n venezolana de f\u00fatbol, La Vinotinto, bajo tres puestos (se ubic\u00f3 en el lugar 48) del ranking mensual de la FIFA. Esto en relaci\u00f3n con la posici\u00f3n alcanzada el mes pasado (lugar 45) por el equipo que dirige el seleccionador nacional, el director t\u00e9cnico Noel Sanvicente.<\/p>\n<p style=\"text-align: justify;\">Cabe destacar que se produjeron cambios en los seis primeros puestos de la clasificaci\u00f3n FIFA, seg\u00fan el ranking: Argentina es la primera selecci\u00f3n del listado, B\u00e9lgica se coloc\u00f3 en la segunda plaza y Alemania ocupa el tercer escal\u00f3n. Despu\u00e9s se ubican Colombia, Brasil y Portugal.<\/p>\n<p style=\"text-align: justify;\">Paraguay descendi\u00f3 dos posiciones (puesto 58\u00ba), la selecci\u00f3n mexicana ascendi\u00f3 14 puestos en el ranking de la FIFA (26). USA se coloc\u00f3 en el 29\u00ba pelda\u00f1o.<\/p>\n<p style=\"text-align: justify;\">\n<p style=\"text-align: justify;\"><strong>Clasificaci\u00f3n FIFA:<\/strong><br \/>\n1. Argentina<br \/>\n2. B\u00e9lgica<br \/>\n3. Alemania<br \/>\n4. Colombia<br \/>\n5. Brasil<br \/>\n6. Portugal<br \/>\n7. Rumania<br \/>\n8. Inglaterra<br \/>\n9. Gales<br \/>\n10. Chile<br \/>\n<strong>48. Venezuela<\/strong><\/p>\n<p style=\"text-align: center;\"><a href=\"https:\/\/play.google.com\/store\/apps\/details?id=com.app.gradadigital\" target=\"_blank\"><img decoding=\"async\" src=\"http:\/\/gradadigital.com\/home\/wp-content\/uploads\/2014\/10\/banner_aplicacion_V2_GRADADIGITAL_17102014.jpg\" alt=\"http:\/\/gradadigital.com\/home\/wp-content\/uploads\/2014\/10\/banner_aplicacion_V2_GRADADIGITAL_17102014.jpg\" \/><\/a><\/p>\n","protected":false},"excerpt":{"rendered":"<p>Prensa FVF &#8211; La selecci\u00f3n venezolana de f\u00fatbol, La Vinotinto, bajo tres puestos (se ubic\u00f3 en el lugar 48) del ranking mensual de la FIFA. Esto en relaci\u00f3n con la posici\u00f3n alcanzada el mes pasado (lugar 45) por el equipo que dirige el seleccionador nacional, el director t\u00e9cnico Noel Sanvicente. Cabe destacar que se produjeron &#8230;<\/p>\n","protected":false},"author":3,"featured_media":20730,"comment_status":"closed","ping_status":"closed","sticky":false,"template":"","format":"standard","meta":{"footnotes":""},"categories":[752,36,40,3],"tags":[110,135,151,387,51,71],"class_list":["post-22541","post","type-post","status-publish","format-standard","has-post-thumbnail","hentry","category-appgd","category-internacional","category-seleccion-nacional-mayores","category-seleccion-nacional","tag-fifa","tag-fvf","tag-la-vinotinto","tag-ranking-fifa","tag-venezuela","tag-vinotinto"],"_links":{"self":[{"href":"http:\/\/gradadigital.com\/home\/wp-json\/wp\/v2\/posts\/22541","targetHints":{"allow":["GET"]}}],"collection":[{"href":"http:\/\/gradadigital.com\/home\/wp-json\/wp\/v2\/posts"}],"about":[{"href":"http:\/\/gradadigital.com\/home\/wp-json\/wp\/v2\/types\/post"}],"author":[{"embeddable":true,"href":"http:\/\/gradadigital.com\/home\/wp-json\/wp\/v2\/users\/3"}],"replies":[{"embeddable":true,"href":"http:\/\/gradadigital.com\/home\/wp-json\/wp\/v2\/comments?post=22541"}],"version-history":[{"count":1,"href":"http:\/\/gradadigital.com\/home\/wp-json\/wp\/v2\/posts\/22541\/revisions"}],"predecessor-version":[{"id":22543,"href":"http:\/\/gradadigital.com\/home\/wp-json\/wp\/v2\/posts\/22541\/revisions\/22543"}],"wp:featuredmedia":[{"embeddable":true,"href":"http:\/\/gradadigital.com\/home\/wp-json\/wp\/v2\/media\/20730"}],"wp:attachment":[{"href":"http:\/\/gradadigital.com\/home\/wp-json\/wp\/v2\/media?parent=22541"}],"wp:term":[{"taxonomy":"category","embeddable":true,"href":"http:\/\/gradadigital.com\/home\/wp-json\/wp\/v2\/categories?post=22541"},{"taxonomy":"post_tag","embeddable":true,"href":"http:\/\/gradadigital.com\/home\/wp-json\/wp\/v2\/tags?post=22541"}],"curies":[{"name":"wp","href":"https:\/\/api.w.org\/{rel}","templated":true}]}}