{"id":22536,"date":"2015-08-06T20:51:23","date_gmt":"2015-08-07T01:21:23","guid":{"rendered":"http:\/\/gradadigital.com\/home\/?p=22536"},"modified":"2015-08-06T20:51:23","modified_gmt":"2015-08-07T01:21:23","slug":"deportivo-lara-sostiene-deuda-con-rafael-castellin","status":"publish","type":"post","link":"http:\/\/gradadigital.com\/home\/deportivo-lara-sostiene-deuda-con-rafael-castellin\/","title":{"rendered":"Deportivo Lara sostiene deuda con Rafael Castell\u00edn"},"content":{"rendered":"<p style=\"text-align: center;\"><img decoding=\"async\" class=\"details-image\" draggable=\"false\" src=\"http:\/\/gradadigital.com\/home\/wp-content\/uploads\/2013\/07\/zamir_valoyes_rafael_castellin_estudiantes_cdlara_28102012.jpg\" alt=\"\" \/><\/p>\n<p style=\"text-align: center;\"><img decoding=\"async\" src=\"http:\/\/gradadigital.com\/home\/wp-content\/uploads\/2014\/12\/banner_opcion_comentarios_gd.jpg\" alt=\"http:\/\/gradadigital.com\/home\/wp-content\/uploads\/2014\/12\/banner_opcion_comentarios_gd.jpg\" \/><\/p>\n<p style=\"text-align: justify;\"><strong>Prensa AUFPV &#8211;<\/strong> A pesar de los esfuerzos de mediaci\u00f3n, el Deportivo Lara se niega a honrar sus compromisos con Rafael \u201cEl Hurac\u00e1n\u201d Castell\u00edn, quien luego de 2 a\u00f1os, sigue esperando que le sea cancelada la deuda.<\/p>\n<p style=\"text-align: justify;\">La suma ronda los $ 63.000, los cuales no han sido otorgados al m\u00edtico delantero oriental. Desde la AUPFV se han entablado comunicaciones con el jerarca guaro, Ender Luzardo, siendo \u00e9stas infructuosas, por lo que el caso podr\u00eda ir a mayores, pues desde el 2014, la C\u00e1mara de Resoluci\u00f3n de Disputas no habr\u00eda accionado como debe en el seno de la FVF.<\/p>\n<p style=\"text-align: justify;\">El camino puede ser largo, pero FIFA ha ense\u00f1ado que los jugadores cobran al final del camino, la AUFPV, sus abogados y los de Rafael Castell\u00edn seguir\u00e1n accionando para que sea cumplida la obligaci\u00f3n adquirida.<\/p>\n<p style=\"text-align: center;\"><a href=\"https:\/\/play.google.com\/store\/apps\/details?id=com.app.gradadigital\" target=\"_blank\"><img decoding=\"async\" src=\"http:\/\/gradadigital.com\/home\/wp-content\/uploads\/2014\/10\/banner_aplicacion_V2_GRADADIGITAL_17102014.jpg\" alt=\"http:\/\/gradadigital.com\/home\/wp-content\/uploads\/2014\/10\/banner_aplicacion_V2_GRADADIGITAL_17102014.jpg\" \/><\/a><\/p>\n","protected":false},"excerpt":{"rendered":"<p>Prensa AUFPV &#8211; A pesar de los esfuerzos de mediaci\u00f3n, el Deportivo Lara se niega a honrar sus compromisos con Rafael \u201cEl Hurac\u00e1n\u201d Castell\u00edn, quien luego de 2 a\u00f1os, sigue esperando que le sea cancelada la deuda. La suma ronda los $ 63.000, los cuales no han sido otorgados al m\u00edtico delantero oriental. Desde la &#8230;<\/p>\n","protected":false},"author":3,"featured_media":2667,"comment_status":"closed","ping_status":"closed","sticky":false,"template":"","format":"standard","meta":{"footnotes":""},"categories":[752,8,5,31],"tags":[1821,1822,62,1820,571,110,135,979,1819],"class_list":["post-22536","post","type-post","status-publish","format-standard","has-post-thumbnail","hentry","category-appgd","category-cd-lara","category-futbol-nacional","category-primera-division","tag-aupfv","tag-castellin","tag-deportivo-lara","tag-el-huracan","tag-ender-luzardo","tag-fifa","tag-fvf","tag-lara","tag-rafael-castellin"],"_links":{"self":[{"href":"http:\/\/gradadigital.com\/home\/wp-json\/wp\/v2\/posts\/22536","targetHints":{"allow":["GET"]}}],"collection":[{"href":"http:\/\/gradadigital.com\/home\/wp-json\/wp\/v2\/posts"}],"about":[{"href":"http:\/\/gradadigital.com\/home\/wp-json\/wp\/v2\/types\/post"}],"author":[{"embeddable":true,"href":"http:\/\/gradadigital.com\/home\/wp-json\/wp\/v2\/users\/3"}],"replies":[{"embeddable":true,"href":"http:\/\/gradadigital.com\/home\/wp-json\/wp\/v2\/comments?post=22536"}],"version-history":[{"count":1,"href":"http:\/\/gradadigital.com\/home\/wp-json\/wp\/v2\/posts\/22536\/revisions"}],"predecessor-version":[{"id":22537,"href":"http:\/\/gradadigital.com\/home\/wp-json\/wp\/v2\/posts\/22536\/revisions\/22537"}],"wp:featuredmedia":[{"embeddable":true,"href":"http:\/\/gradadigital.com\/home\/wp-json\/wp\/v2\/media\/2667"}],"wp:attachment":[{"href":"http:\/\/gradadigital.com\/home\/wp-json\/wp\/v2\/media?parent=22536"}],"wp:term":[{"taxonomy":"category","embeddable":true,"href":"http:\/\/gradadigital.com\/home\/wp-json\/wp\/v2\/categories?post=22536"},{"taxonomy":"post_tag","embeddable":true,"href":"http:\/\/gradadigital.com\/home\/wp-json\/wp\/v2\/tags?post=22536"}],"curies":[{"name":"wp","href":"https:\/\/api.w.org\/{rel}","templated":true}]}}