{"id":22529,"date":"2015-08-06T15:34:46","date_gmt":"2015-08-06T20:04:46","guid":{"rendered":"http:\/\/gradadigital.com\/home\/?p=22529"},"modified":"2015-08-06T15:34:46","modified_gmt":"2015-08-06T20:04:46","slug":"aufpv-alegre-por-el-convenio-con-gol-tv","status":"publish","type":"post","link":"http:\/\/gradadigital.com\/home\/aufpv-alegre-por-el-convenio-con-gol-tv\/","title":{"rendered":"AUFPV alegre por el convenio con Gol TV"},"content":{"rendered":"<p style=\"text-align: center;\"><img decoding=\"async\" class=\"details-image\" draggable=\"false\" src=\"http:\/\/gradadigital.com\/home\/wp-content\/uploads\/2014\/02\/aufpv_23022014.jpg\" alt=\"\" \/><\/p>\n<p style=\"text-align: center;\"><img decoding=\"async\" src=\"http:\/\/gradadigital.com\/home\/wp-content\/uploads\/2014\/12\/banner_opcion_comentarios_gd.jpg\" alt=\"http:\/\/gradadigital.com\/home\/wp-content\/uploads\/2014\/12\/banner_opcion_comentarios_gd.jpg\" \/><\/p>\n<p style=\"text-align: justify;\"><strong>Prensa AUFPV &#8211;<\/strong> Acudiendo a la invitaci\u00f3n de la Asociaci\u00f3n de Clubes del F\u00fatbol Venezolano, la junta directiva de la AUFPV, acudi\u00f3 a la firma del convenio con la FVF y el canal internacional GolTV, quien difundir\u00e1 internacionalmente las incidencias de nuestra actividad.<\/p>\n<p style=\"text-align: justify;\">Hace un par de semanas Juan Garc\u00eda, presidente de la AUFV, garante de los derechos de imagen de los jugadores profesionales, solicit\u00f3 una reuni\u00f3n con los integrantes de la mencionada tripartita, para recordar que en la gesti\u00f3n del ex presidente Rafael Esquivel se habr\u00edan adelantado gestiones de reconocimiento de los derechos de imagen de los protagonistas de la actividad.<\/p>\n<p style=\"text-align: justify;\"><strong>\u201cEstamos muy contentos que nuestro f\u00fatbol siga avanzando, sea proyectado internacionalmente, es sin duda una gran noticia. Nosotros nos hab\u00edamos adelantado a este escenario y con el ex presidente Esquivel habr\u00edamos tocado estos temas. El actual presidente de la FVF est\u00e1 en conocimiento de esto y seguimos en la espera de ver c\u00f3mo ser\u00e1n honrados los derechos visuales de nuestros agremiados\u201d<\/strong>, coment\u00f3 Juan Garc\u00eda a la salida del acto de la firma del hist\u00f3rico convenio.<\/p>\n<p style=\"text-align: justify;\"><strong>\u201cSomos fieles a nuestro lema, EL F\u00daTBOL ERES T\u00da, y el jugador ser\u00e1 defendido como siempre, procurando obtener el mejor y el m\u00e1s justo resultado de esta gesti\u00f3n\u201d<\/strong>, sentenci\u00f3 Garc\u00eda.<\/p>\n<p style=\"text-align: center;\"><a href=\"https:\/\/play.google.com\/store\/apps\/details?id=com.app.gradadigital\" target=\"_blank\"><img decoding=\"async\" src=\"http:\/\/gradadigital.com\/home\/wp-content\/uploads\/2014\/10\/banner_aplicacion_V2_GRADADIGITAL_17102014.jpg\" alt=\"http:\/\/gradadigital.com\/home\/wp-content\/uploads\/2014\/10\/banner_aplicacion_V2_GRADADIGITAL_17102014.jpg\" \/><\/a><\/p>\n","protected":false},"excerpt":{"rendered":"<p>Prensa AUFPV &#8211; Acudiendo a la invitaci\u00f3n de la Asociaci\u00f3n de Clubes del F\u00fatbol Venezolano, la junta directiva de la AUFPV, acudi\u00f3 a la firma del convenio con la FVF y el canal internacional GolTV, quien difundir\u00e1 internacionalmente las incidencias de nuestra actividad. Hace un par de semanas Juan Garc\u00eda, presidente de la AUFV, garante &#8230;<\/p>\n","protected":false},"author":3,"featured_media":9554,"comment_status":"closed","ping_status":"closed","sticky":false,"template":"","format":"standard","meta":{"footnotes":""},"categories":[752,5,31],"tags":[1815,571,155,82,135,1813,1812,1816,381,1814,118,301,51],"class_list":["post-22529","post","type-post","status-publish","format-standard","has-post-thumbnail","hentry","category-appgd","category-futbol-nacional","category-primera-division","tag-aufpv","tag-ender-luzardo","tag-federacion-venezolana-de-futbol","tag-futbol-venezolano","tag-fvf","tag-george-antar","tag-gol-tv","tag-juan-garcia","tag-laureano-gonzalez","tag-nelson-gutierrez","tag-noel-sanvicente","tag-uruguay","tag-venezuela"],"_links":{"self":[{"href":"http:\/\/gradadigital.com\/home\/wp-json\/wp\/v2\/posts\/22529","targetHints":{"allow":["GET"]}}],"collection":[{"href":"http:\/\/gradadigital.com\/home\/wp-json\/wp\/v2\/posts"}],"about":[{"href":"http:\/\/gradadigital.com\/home\/wp-json\/wp\/v2\/types\/post"}],"author":[{"embeddable":true,"href":"http:\/\/gradadigital.com\/home\/wp-json\/wp\/v2\/users\/3"}],"replies":[{"embeddable":true,"href":"http:\/\/gradadigital.com\/home\/wp-json\/wp\/v2\/comments?post=22529"}],"version-history":[{"count":1,"href":"http:\/\/gradadigital.com\/home\/wp-json\/wp\/v2\/posts\/22529\/revisions"}],"predecessor-version":[{"id":22530,"href":"http:\/\/gradadigital.com\/home\/wp-json\/wp\/v2\/posts\/22529\/revisions\/22530"}],"wp:featuredmedia":[{"embeddable":true,"href":"http:\/\/gradadigital.com\/home\/wp-json\/wp\/v2\/media\/9554"}],"wp:attachment":[{"href":"http:\/\/gradadigital.com\/home\/wp-json\/wp\/v2\/media?parent=22529"}],"wp:term":[{"taxonomy":"category","embeddable":true,"href":"http:\/\/gradadigital.com\/home\/wp-json\/wp\/v2\/categories?post=22529"},{"taxonomy":"post_tag","embeddable":true,"href":"http:\/\/gradadigital.com\/home\/wp-json\/wp\/v2\/tags?post=22529"}],"curies":[{"name":"wp","href":"https:\/\/api.w.org\/{rel}","templated":true}]}}