{"id":22500,"date":"2015-08-04T02:34:00","date_gmt":"2015-08-04T07:04:00","guid":{"rendered":"http:\/\/gradadigital.com\/home\/?p=22500"},"modified":"2015-08-04T02:34:00","modified_gmt":"2015-08-04T07:04:00","slug":"sami-khedira-estara-dos-meses-de-baja","status":"publish","type":"post","link":"http:\/\/gradadigital.com\/home\/sami-khedira-estara-dos-meses-de-baja\/","title":{"rendered":"Sami Khedira estar\u00e1 dos meses de baja"},"content":{"rendered":"<p style=\"text-align: center;\"><img loading=\"lazy\" decoding=\"async\" class=\"alignnone size-full wp-image-22501\" src=\"http:\/\/gradadigital.com\/home\/wp-content\/uploads\/2015\/08\/sami_khedira_juventus.jpg\" alt=\"sami_khedira_juventus\" width=\"682\" height=\"455\" srcset=\"http:\/\/gradadigital.com\/home\/wp-content\/uploads\/2015\/08\/sami_khedira_juventus.jpg 682w, http:\/\/gradadigital.com\/home\/wp-content\/uploads\/2015\/08\/sami_khedira_juventus-300x200.jpg 300w\" sizes=\"auto, (max-width: 682px) 100vw, 682px\" \/><\/p>\n<p style=\"text-align: center;\"><img decoding=\"async\" src=\"http:\/\/gradadigital.com\/home\/wp-content\/uploads\/2014\/12\/banner_opcion_comentarios_gd.jpg\" alt=\"http:\/\/gradadigital.com\/home\/wp-content\/uploads\/2014\/12\/banner_opcion_comentarios_gd.jpg\" \/><\/p>\n<p style=\"text-align: justify;\"><strong>EFE &#8211;<\/strong> La Juventus de Tur\u00edn anunci\u00f3 este lunes que el centrocampista alem\u00e1n Sami Khedira deber\u00e1 estar de baja durante alrededor de dos meses debido a una lesi\u00f3n en el b\u00edceps femoral derecho sufrida el s\u00e1bado en un amistoso contra el Marsella.<\/p>\n<p style=\"text-align: justify;\"><strong>\u201cLa Juve deber\u00e1 prescindir de Khedira durante alrededor de dos meses. Este ser\u00e1 el tiempo para la completa recuperaci\u00f3n del centrocampista tras el infortunio que le oblig\u00f3 a dejar el terreno de juego el s\u00e1bado pasado tras 20 minutos de juego\u201d<\/strong>, reza un comunicado de la sociedad.<\/p>\n<p style=\"text-align: justify;\">En el mismo se explica que los ex\u00e1menes cl\u00ednicos a los que ha sido sometido han diagnosticado una lesi\u00f3n de segundo grado en el b\u00edceps femoral derecho del jugador.<\/p>\n<p style=\"text-align: justify;\">El alem\u00e1n se lesion\u00f3 en el minuto 23 del encuentro contra el Marsella despu\u00e9s de efectuar una carrera y, tras ser atendido en el terreno de juego, tuvo que abandonar el mismo en camilla con notables signos de dolor y las manos en la cara.<\/p>\n<p style=\"text-align: justify;\">Khedira lleg\u00f3 a la \u201cVecchia Signora\u201d el pasado junio procedente del Real Madrid, donde milit\u00f3 entre los a\u00f1os 2010 y 2015.<\/p>\n<p style=\"text-align: center;\"><a href=\"https:\/\/play.google.com\/store\/apps\/details?id=com.app.gradadigital\" target=\"_blank\"><img decoding=\"async\" src=\"http:\/\/gradadigital.com\/home\/wp-content\/uploads\/2014\/10\/banner_aplicacion_V2_GRADADIGITAL_17102014.jpg\" alt=\"http:\/\/gradadigital.com\/home\/wp-content\/uploads\/2014\/10\/banner_aplicacion_V2_GRADADIGITAL_17102014.jpg\" \/><\/a><\/p>\n","protected":false},"excerpt":{"rendered":"<p>EFE &#8211; La Juventus de Tur\u00edn anunci\u00f3 este lunes que el centrocampista alem\u00e1n Sami Khedira deber\u00e1 estar de baja durante alrededor de dos meses debido a una lesi\u00f3n en el b\u00edceps femoral derecho sufrida el s\u00e1bado en un amistoso contra el Marsella. \u201cLa Juve deber\u00e1 prescindir de Khedira durante alrededor de dos meses. Este ser\u00e1 &#8230;<\/p>\n","protected":false},"author":3,"featured_media":22501,"comment_status":"closed","ping_status":"closed","sticky":false,"template":"","format":"standard","meta":{"footnotes":""},"categories":[752,36],"tags":[1642,1803,1806,1805,1804],"class_list":["post-22500","post","type-post","status-publish","format-standard","has-post-thumbnail","hentry","category-appgd","category-internacional","tag-juventus","tag-juventus-de-turin","tag-khedira","tag-sami-khedira","tag-turin"],"_links":{"self":[{"href":"http:\/\/gradadigital.com\/home\/wp-json\/wp\/v2\/posts\/22500","targetHints":{"allow":["GET"]}}],"collection":[{"href":"http:\/\/gradadigital.com\/home\/wp-json\/wp\/v2\/posts"}],"about":[{"href":"http:\/\/gradadigital.com\/home\/wp-json\/wp\/v2\/types\/post"}],"author":[{"embeddable":true,"href":"http:\/\/gradadigital.com\/home\/wp-json\/wp\/v2\/users\/3"}],"replies":[{"embeddable":true,"href":"http:\/\/gradadigital.com\/home\/wp-json\/wp\/v2\/comments?post=22500"}],"version-history":[{"count":1,"href":"http:\/\/gradadigital.com\/home\/wp-json\/wp\/v2\/posts\/22500\/revisions"}],"predecessor-version":[{"id":22502,"href":"http:\/\/gradadigital.com\/home\/wp-json\/wp\/v2\/posts\/22500\/revisions\/22502"}],"wp:featuredmedia":[{"embeddable":true,"href":"http:\/\/gradadigital.com\/home\/wp-json\/wp\/v2\/media\/22501"}],"wp:attachment":[{"href":"http:\/\/gradadigital.com\/home\/wp-json\/wp\/v2\/media?parent=22500"}],"wp:term":[{"taxonomy":"category","embeddable":true,"href":"http:\/\/gradadigital.com\/home\/wp-json\/wp\/v2\/categories?post=22500"},{"taxonomy":"post_tag","embeddable":true,"href":"http:\/\/gradadigital.com\/home\/wp-json\/wp\/v2\/tags?post=22500"}],"curies":[{"name":"wp","href":"https:\/\/api.w.org\/{rel}","templated":true}]}}