{"id":22486,"date":"2015-08-04T00:53:22","date_gmt":"2015-08-04T05:23:22","guid":{"rendered":"http:\/\/gradadigital.com\/home\/?p=22486"},"modified":"2015-08-04T00:53:22","modified_gmt":"2015-08-04T05:23:22","slug":"suspenden-audiencia-que-debia-analizar-extradicion-de-nicolas-leoz-a-estados-unidos","status":"publish","type":"post","link":"http:\/\/gradadigital.com\/home\/suspenden-audiencia-que-debia-analizar-extradicion-de-nicolas-leoz-a-estados-unidos\/","title":{"rendered":"Suspenden audiencia que deb\u00eda analizar extradici\u00f3n de Nicol\u00e1s Leoz a Estados Unidos"},"content":{"rendered":"<p style=\"text-align: center;\"><img decoding=\"async\" class=\"details-image\" draggable=\"false\" src=\"http:\/\/gradadigital.com\/home\/wp-content\/uploads\/2015\/07\/nicolas_leoz_paraguay.jpg\" alt=\"\" \/><\/p>\n<p style=\"text-align: center;\"><img decoding=\"async\" src=\"http:\/\/gradadigital.com\/home\/wp-content\/uploads\/2014\/12\/banner_opcion_comentarios_gd.jpg\" alt=\"http:\/\/gradadigital.com\/home\/wp-content\/uploads\/2014\/12\/banner_opcion_comentarios_gd.jpg\" \/><\/p>\n<p style=\"text-align: justify;\"><strong>EFE &#8211;<\/strong> El juez Humberto Otaz\u00fa suspendi\u00f3 este lunes la audiencia que deb\u00eda analizar la petici\u00f3n de extradici\u00f3n a Estados Unidos cursada por una fiscal\u00eda de Nueva York contra Nicol\u00e1s Leoz, expresidente de la Confederaci\u00f3n Sudamericana de F\u00fatbol (Conmebol), acusado de corrupci\u00f3n en el marco de una trama destapada en la FIFA.<\/p>\n<p style=\"text-align: justify;\">La audiencia qued\u00f3 aplazada debido a que la defensa de Leoz present\u00f3 un recurso exigiendo que se establezcan reglas claras para la petici\u00f3n de extradici\u00f3n, explic\u00f3 Otaz\u00fa en declaraciones a la Radio Cardinal.<\/p>\n<p style=\"text-align: justify;\">Por su parte, la Fiscal\u00eda ya hab\u00eda solicitado un plazo de tiempo mayor para poder estudiar en profundidad el expediente de Leoz y decidir sobre si procede o no extraditarle.<\/p>\n<p style=\"text-align: justify;\">Otaz\u00fa agreg\u00f3 que, pese al aplazamiento de la audiencia, la medida cautelar de arresto domiciliario dictada contra Leoz, de 86 a\u00f1os, se mantiene <strong>\u00abvigente sin variaci\u00f3n\u00bb<\/strong>.<\/p>\n<p style=\"text-align: justify;\">Detall\u00f3 adem\u00e1s que el expresidente de Conmebol tiene fijadas unas fechas al mes para poder acudir a realizarse chequeos m\u00e9dicos rutinarios.<\/p>\n<p style=\"text-align: justify;\">Leoz, presidente de Conmebol durante 26 a\u00f1os, hasta su renuncia en 2013, est\u00e1 acusado entre otros cargos de <strong>\u00abconspiraci\u00f3n para concebir un plan o proyecto para estafar usando medios de comunicaci\u00f3n\u00bb<\/strong> y de <strong>\u00abdirigir o intentar dirigir una transacci\u00f3n final que envuelve las ganancias de una actividad il\u00edcita\u00bb<\/strong>, seg\u00fan la investigaci\u00f3n de la justicia estadounidense.<\/p>\n<p style=\"text-align: justify;\">Siete altos dirigentes de la FIFA fueron detenidos a finales de mayo en un hotel de la ciudad suiza de Z\u00farich, acusados de ser parte de una trama de corrupci\u00f3n en el ente rector del f\u00fatbol mundial.<\/p>\n<p style=\"text-align: justify;\">La detenci\u00f3n fue ejecutada a petici\u00f3n de Estados Unidos, donde una fiscal\u00eda de Nueva York investiga presuntos sobornos y comisiones en el seno de la FIFA desde principios de los noventa hasta la actualidad.<\/p>\n<p style=\"text-align: center;\"><a href=\"https:\/\/play.google.com\/store\/apps\/details?id=com.app.gradadigital\" target=\"_blank\"><img decoding=\"async\" src=\"http:\/\/gradadigital.com\/home\/wp-content\/uploads\/2014\/10\/banner_aplicacion_V2_GRADADIGITAL_17102014.jpg\" alt=\"http:\/\/gradadigital.com\/home\/wp-content\/uploads\/2014\/10\/banner_aplicacion_V2_GRADADIGITAL_17102014.jpg\" \/><\/a><\/p>\n","protected":false},"excerpt":{"rendered":"<p>EFE &#8211; El juez Humberto Otaz\u00fa suspendi\u00f3 este lunes la audiencia que deb\u00eda analizar la petici\u00f3n de extradici\u00f3n a Estados Unidos cursada por una fiscal\u00eda de Nueva York contra Nicol\u00e1s Leoz, expresidente de la Confederaci\u00f3n Sudamericana de F\u00fatbol (Conmebol), acusado de corrupci\u00f3n en el marco de una trama destapada en la FIFA. La audiencia qued\u00f3 &#8230;<\/p>\n","protected":false},"author":3,"featured_media":22133,"comment_status":"closed","ping_status":"closed","sticky":false,"template":"","format":"standard","meta":{"footnotes":""},"categories":[752,36],"tags":[1080,226,1695,508,110,1791,1793,1656,1790,1792,509],"class_list":["post-22486","post","type-post","status-publish","format-standard","has-post-thumbnail","hentry","category-appgd","category-internacional","tag-confederacion-sudamericana-de-futbol","tag-conmebol","tag-eeuu","tag-estados-unidos","tag-fifa","tag-humberto-otazu","tag-leoz","tag-nicolas-leoz","tag-nueva-york","tag-otazu","tag-usa"],"_links":{"self":[{"href":"http:\/\/gradadigital.com\/home\/wp-json\/wp\/v2\/posts\/22486","targetHints":{"allow":["GET"]}}],"collection":[{"href":"http:\/\/gradadigital.com\/home\/wp-json\/wp\/v2\/posts"}],"about":[{"href":"http:\/\/gradadigital.com\/home\/wp-json\/wp\/v2\/types\/post"}],"author":[{"embeddable":true,"href":"http:\/\/gradadigital.com\/home\/wp-json\/wp\/v2\/users\/3"}],"replies":[{"embeddable":true,"href":"http:\/\/gradadigital.com\/home\/wp-json\/wp\/v2\/comments?post=22486"}],"version-history":[{"count":1,"href":"http:\/\/gradadigital.com\/home\/wp-json\/wp\/v2\/posts\/22486\/revisions"}],"predecessor-version":[{"id":22488,"href":"http:\/\/gradadigital.com\/home\/wp-json\/wp\/v2\/posts\/22486\/revisions\/22488"}],"wp:featuredmedia":[{"embeddable":true,"href":"http:\/\/gradadigital.com\/home\/wp-json\/wp\/v2\/media\/22133"}],"wp:attachment":[{"href":"http:\/\/gradadigital.com\/home\/wp-json\/wp\/v2\/media?parent=22486"}],"wp:term":[{"taxonomy":"category","embeddable":true,"href":"http:\/\/gradadigital.com\/home\/wp-json\/wp\/v2\/categories?post=22486"},{"taxonomy":"post_tag","embeddable":true,"href":"http:\/\/gradadigital.com\/home\/wp-json\/wp\/v2\/tags?post=22486"}],"curies":[{"name":"wp","href":"https:\/\/api.w.org\/{rel}","templated":true}]}}