{"id":22410,"date":"2015-08-01T00:49:46","date_gmt":"2015-08-01T05:19:46","guid":{"rendered":"http:\/\/gradadigital.com\/home\/?p=22410"},"modified":"2015-08-01T00:49:46","modified_gmt":"2015-08-01T05:19:46","slug":"cesar-maestrico-gonzalez-seguira-vestido-de-aurinegro","status":"publish","type":"post","link":"http:\/\/gradadigital.com\/home\/cesar-maestrico-gonzalez-seguira-vestido-de-aurinegro\/","title":{"rendered":"C\u00e9sar \u00abMaestrico\u00bb Gonz\u00e1lez seguir\u00e1 vestido de aurinegro"},"content":{"rendered":"<p style=\"text-align: center;\"><img decoding=\"async\" class=\"details-image\" draggable=\"false\" src=\"http:\/\/gradadigital.com\/home\/wp-content\/uploads\/2015\/02\/cesar_gonzalez_tachira_cerro_04022015.jpg\" alt=\"\" \/><\/p>\n<p style=\"text-align: center;\"><img decoding=\"async\" src=\"http:\/\/gradadigital.com\/home\/wp-content\/uploads\/2014\/12\/banner_opcion_comentarios_gd.jpg\" alt=\"http:\/\/gradadigital.com\/home\/wp-content\/uploads\/2014\/12\/banner_opcion_comentarios_gd.jpg\" \/><\/p>\n<p style=\"text-align: justify;\"><strong>Luiyi Joan Vivas \/ Prensa Deportivo T\u00e1chira &#8211;<\/strong> Despu\u00e9s de quedar plasmado en la historia como el encargado de levantar el octavo trofeo de campe\u00f3n del Deportivo T\u00e1chira FC, C\u00e9sar \u201cMaestrico\u201d Gonz\u00e1lez continuar\u00e1 siendo uno de los motores del mediocampo aurinegro, al sellar la extensi\u00f3n de su v\u00ednculo contractual con el combinado m\u00e1s popular del balompi\u00e9 nacional.<\/p>\n<p style=\"text-align: justify;\">Hasta diciembre de 2016, Gonz\u00e1lez estar\u00e1 ligado a la instituci\u00f3n amarilla y negra siendo ahora uno de los pilares de un joven plantel que aspira a ser protagonista en el presente semestre tanto en el Torneo Adecuaci\u00f3n 2015 como en la Copa Venezuela 2015, teniendo tambi\u00e9n en el horizonte pr\u00f3ximo la Temporada 2016 y la Copa Bridgestone Libertadores 2016.<\/p>\n<p style=\"text-align: justify;\"><strong>\u201cFeliz y contento por volver a vestir esta camiseta que me ha brindado tantas alegr\u00edas. Agradecido por volver a mi casa y con las ganas de volver a conseguir cosas positivas\u201d<\/strong>, coment\u00f3 el volante ofensivo a \u201cBal\u00f3n Aurinegro\u201d, el programa oficial del elenco atigrado, espacio radial encargado de confirmar la renovaci\u00f3n.<\/p>\n<p style=\"text-align: justify;\">En el camerino de Pueblo Nuevo, la camiseta amarilla y negra marcada con el dorsal \u201c11\u201d esperaba por su due\u00f1o, aquel que la ha sabido llevar con jerarqu\u00eda los \u00faltimos tres a\u00f1os. <strong>\u201cAgradecido con la directiva del club, desde que llegu\u00e9 de River Plate ellos han hecho un esfuerzo para que yo est\u00e9 aqu\u00ed\u201d<\/strong>, agreg\u00f3 \u201cMaestrico\u201d a trav\u00e9s de San Sebasti\u00e1n 92.7 FM.<\/p>\n<p style=\"text-align: justify;\"><strong>\u201cDeportivo T\u00e1chira es un equipo acostumbrado a ser campe\u00f3n, haremos todo para lograrlo. Tenemos un equipo joven que tiene mucho potencial y eso hay que explotarlo\u201d<\/strong>, expresa el mediocampista de 32 a\u00f1os, quien observ\u00f3 desde afuera las cuatro primeras presentaciones de la escuadra de San Crist\u00f3bal.<\/p>\n<p style=\"text-align: justify;\">Ya con el Torneo Adecuaci\u00f3n 2016 andando, el Deportivo T\u00e1chira FC podr\u00e1 contar desde este mismo domingo 2 de agosto con la maestr\u00eda de C\u00e9sar Gonz\u00e1lez en cancha, siendo nada m\u00e1s y nada menos que el Cl\u00e1sico Nacional ante el Caracas FC, la primera oportunidad de observar al monaguense en esta nueva etapa dentro del Carrusel Aurinegro.<\/p>\n<p style=\"text-align: justify;\"><strong>\u201cTodo jugador quiere estar en este tipo de partidos, la felicidad por volver es enorme y m\u00e1s por tener la oportunidad de estar en el Cl\u00e1sico, se siente una intensidad diferente y ya queremos jugarlo y ganarlo\u201d<\/strong>, concluye C\u00e9sar Gonz\u00e1lez, con sesiones de trabajo en el plantel amarillo y negro durante las \u00faltimas dos semanas.<\/p>\n<p style=\"text-align: justify;\">As\u00ed, el Carrusel Aurinegro fortalece su n\u00f3mina teniendo en C\u00e9sar \u201cMaestrico\u201d Gonz\u00e1lez, la experiencia, jerarqu\u00eda y profesionalismo de un guerrero ya presente en la lista de leyendas que han sido campeones con el combinado m\u00e1s seguido de Venezuela.<\/p>\n<p style=\"text-align: center;\"><a href=\"https:\/\/play.google.com\/store\/apps\/details?id=com.app.gradadigital\" target=\"_blank\"><img decoding=\"async\" src=\"http:\/\/gradadigital.com\/home\/wp-content\/uploads\/2014\/10\/banner_aplicacion_V2_GRADADIGITAL_17102014.jpg\" alt=\"http:\/\/gradadigital.com\/home\/wp-content\/uploads\/2014\/10\/banner_aplicacion_V2_GRADADIGITAL_17102014.jpg\" \/><\/a><\/p>\n","protected":false},"excerpt":{"rendered":"<p>Luiyi Joan Vivas \/ Prensa Deportivo T\u00e1chira &#8211; Despu\u00e9s de quedar plasmado en la historia como el encargado de levantar el octavo trofeo de campe\u00f3n del Deportivo T\u00e1chira FC, C\u00e9sar \u201cMaestrico\u201d Gonz\u00e1lez continuar\u00e1 siendo uno de los motores del mediocampo aurinegro, al sellar la extensi\u00f3n de su v\u00ednculo contractual con el combinado m\u00e1s popular del &#8230;<\/p>\n","protected":false},"author":3,"featured_media":18096,"comment_status":"closed","ping_status":"closed","sticky":false,"template":"","format":"standard","meta":{"footnotes":""},"categories":[752,11,5,31],"tags":[52,1838,164,501,1840,871,878,1076,1774,1772,1689,1244],"class_list":["post-22410","post","type-post","status-publish","format-standard","has-post-thumbnail","hentry","category-appgd","category-deportivo-tachira","category-futbol-nacional","category-primera-division","tag-caracas","tag-caracas-fc","tag-caracas-futbol-club","tag-cesar-gonzalez","tag-deportivo-tachira","tag-deportivo-tachira-fc","tag-estadio-olimpico-de-la-ucv","tag-maestrico","tag-maestrico-gonzalez","tag-olimpico-de-la-ucv","tag-tachira","tag-torneo-adecuacion-2015"],"_links":{"self":[{"href":"http:\/\/gradadigital.com\/home\/wp-json\/wp\/v2\/posts\/22410","targetHints":{"allow":["GET"]}}],"collection":[{"href":"http:\/\/gradadigital.com\/home\/wp-json\/wp\/v2\/posts"}],"about":[{"href":"http:\/\/gradadigital.com\/home\/wp-json\/wp\/v2\/types\/post"}],"author":[{"embeddable":true,"href":"http:\/\/gradadigital.com\/home\/wp-json\/wp\/v2\/users\/3"}],"replies":[{"embeddable":true,"href":"http:\/\/gradadigital.com\/home\/wp-json\/wp\/v2\/comments?post=22410"}],"version-history":[{"count":1,"href":"http:\/\/gradadigital.com\/home\/wp-json\/wp\/v2\/posts\/22410\/revisions"}],"predecessor-version":[{"id":22411,"href":"http:\/\/gradadigital.com\/home\/wp-json\/wp\/v2\/posts\/22410\/revisions\/22411"}],"wp:featuredmedia":[{"embeddable":true,"href":"http:\/\/gradadigital.com\/home\/wp-json\/wp\/v2\/media\/18096"}],"wp:attachment":[{"href":"http:\/\/gradadigital.com\/home\/wp-json\/wp\/v2\/media?parent=22410"}],"wp:term":[{"taxonomy":"category","embeddable":true,"href":"http:\/\/gradadigital.com\/home\/wp-json\/wp\/v2\/categories?post=22410"},{"taxonomy":"post_tag","embeddable":true,"href":"http:\/\/gradadigital.com\/home\/wp-json\/wp\/v2\/tags?post=22410"}],"curies":[{"name":"wp","href":"https:\/\/api.w.org\/{rel}","templated":true}]}}