{"id":22406,"date":"2015-07-31T23:35:58","date_gmt":"2015-08-01T04:05:58","guid":{"rendered":"http:\/\/gradadigital.com\/home\/?p=22406"},"modified":"2015-07-31T23:47:43","modified_gmt":"2015-08-01T04:17:43","slug":"giacomo-di-giorgi-esta-semana-de-clasico-se-vive-diferente","status":"publish","type":"post","link":"http:\/\/gradadigital.com\/home\/giacomo-di-giorgi-esta-semana-de-clasico-se-vive-diferente\/","title":{"rendered":"Gi\u00e1como Di Giorgi: \u00abEsta semana de Cl\u00e1sico se vive diferente\u00bb"},"content":{"rendered":"<p style=\"text-align: center;\"><img decoding=\"async\" class=\"details-image\" draggable=\"false\" src=\"http:\/\/gradadigital.com\/home\/wp-content\/uploads\/2015\/03\/eduardo_sarago_giacomo_digiorgi_laguaira_caracas_28022015.jpg\" alt=\"\" \/><\/p>\n<p style=\"text-align: center;\"><img decoding=\"async\" src=\"http:\/\/gradadigital.com\/home\/wp-content\/uploads\/2014\/12\/banner_opcion_comentarios_gd.jpg\" alt=\"http:\/\/gradadigital.com\/home\/wp-content\/uploads\/2014\/12\/banner_opcion_comentarios_gd.jpg\" \/><\/p>\n<p style=\"text-align: justify;\"><strong>Prensa Caracas FC &#8211;<\/strong> El Caracas F\u00fatbol Club, luego de una semana intensa de trabajos, ya est\u00e1 listo para afrontar un nuevo cl\u00e1sico del f\u00fatbol nacional cuando reciba este domingo a las 5:00 pm, en el Estadio Ol\u00edmpico de la UCV, al Deportivo T\u00e1chira, con la firme intenci\u00f3n de amarrar los tres puntos y seguir peleando en lo m\u00e1s alto de la clasificaci\u00f3n del Torneo Adecuaci\u00f3n 2015.<\/p>\n<p style=\"text-align: justify;\">Medirse contra T\u00e1chira siempre va a ser especial para el equipo de la Cota 905, ya que la rivalidad deportiva entre ambas instituciones se ha ido incrementando con el pasar de los a\u00f1os. Para cada jugador de la plantilla avile\u00f1a, el cotejo de este domingo se vive como una final, y as\u00ed lo asever\u00f3 Gi\u00e1como Di Giorgi, un defensor que sabe bien lo que es jugar un partido como este y que, adem\u00e1s, ha podido enfundarse ambas camisetas.<\/p>\n<p style=\"text-align: justify;\"><strong>\u201cEsta semana de Cl\u00e1sico se vive diferente, se siente diferente, siempre es as\u00ed. Creo que trabajamos muy bien estos d\u00edas, enfocados en lo que va a ser un duro partido, pero teniendo en cuenta que lo jugamos frente a nuestra gente, en nuestro estadio, y por eso esperamos un marco impresionante para poder dejar los tres puntos en la capital\u201d<\/strong>, dijo el polivalente jugador, quien aprovech\u00f3 la oportunidad para analizar el momento que vive el equipo, luego de arrancar el certamen invictos.<\/p>\n<p style=\"text-align: justify;\"><strong>\u201cLlegamos bien, hemos tenido partidos muy buenos como contra Tucanes y Zamora y otros no tan buenos, pero todo eso nos sirve para ir mejorando. Contra Lara tuvimos un primer tiempo muy malo y en el segundo tramo pudimos darle vuelta y casi ganarlo. Frente a La Guaira fue un partido muy parejo y de mucho roce, as\u00ed que ya podemos ir imaginando lo que nos encontraremos el domingo\u201d<\/strong>, prosigui\u00f3.<\/p>\n<p style=\"text-align: justify;\">Gi\u00e1como ha sido un pilar fundamental en el esquema del t\u00e9cnico Eduardo Sarag\u00f3 desde su llegada a la instituci\u00f3n, y en este Torneo Adecuaci\u00f3n sigue llevando el tim\u00f3n de la zaga central. <strong>\u201cMe he sentido bien con los compa\u00f1eros en la zaga. Creo que el buen funcionamiento defensivo se debe en gran parte tambi\u00e9n por el sacrificio de todos en la cancha, desde el delantero hasta los volantes ofensivos. Prueba de ello, es que solo nos han podido marcar dos goles hasta ahora y uno fue un autogol, esperemos que sigamos as\u00ed\u201d<\/strong>, finaliz\u00f3.<\/p>\n<p style=\"text-align: justify;\">Caracas FC realizar\u00e1 su \u00faltimo entrenamiento previo al juego este s\u00e1bado en la ma\u00f1ana en su b\u00fanker, el Cocodrilos Sports Park, y luego aguardar\u00e1 en el hotel de concentraci\u00f3n hasta el domingo para encarar una vez m\u00e1s un gran cl\u00e1sico ante el combinado aurinegro.<\/p>\n<p style=\"text-align: center;\"><a href=\"https:\/\/play.google.com\/store\/apps\/details?id=com.app.gradadigital\" target=\"_blank\"><img decoding=\"async\" src=\"http:\/\/gradadigital.com\/home\/wp-content\/uploads\/2014\/10\/banner_aplicacion_V2_GRADADIGITAL_17102014.jpg\" alt=\"http:\/\/gradadigital.com\/home\/wp-content\/uploads\/2014\/10\/banner_aplicacion_V2_GRADADIGITAL_17102014.jpg\" \/><\/a><\/p>\n","protected":false},"excerpt":{"rendered":"<p>Prensa Caracas FC &#8211; El Caracas F\u00fatbol Club, luego de una semana intensa de trabajos, ya est\u00e1 listo para afrontar un nuevo cl\u00e1sico del f\u00fatbol nacional cuando reciba este domingo a las 5:00 pm, en el Estadio Ol\u00edmpico de la UCV, al Deportivo T\u00e1chira, con la firme intenci\u00f3n de amarrar los tres puntos y seguir &#8230;<\/p>\n","protected":false},"author":3,"featured_media":18956,"comment_status":"closed","ping_status":"closed","sticky":false,"template":"","format":"standard","meta":{"footnotes":""},"categories":[752,9,5,31],"tags":[52,1838,164,1840,871,1773,878,469,1772,1689,1244],"class_list":["post-22406","post","type-post","status-publish","format-standard","has-post-thumbnail","hentry","category-appgd","category-caracas-fc","category-futbol-nacional","category-primera-division","tag-caracas","tag-caracas-fc","tag-caracas-futbol-club","tag-deportivo-tachira","tag-deportivo-tachira-fc","tag-di-giorgi","tag-estadio-olimpico-de-la-ucv","tag-giacomo-di-giorgi","tag-olimpico-de-la-ucv","tag-tachira","tag-torneo-adecuacion-2015"],"_links":{"self":[{"href":"http:\/\/gradadigital.com\/home\/wp-json\/wp\/v2\/posts\/22406","targetHints":{"allow":["GET"]}}],"collection":[{"href":"http:\/\/gradadigital.com\/home\/wp-json\/wp\/v2\/posts"}],"about":[{"href":"http:\/\/gradadigital.com\/home\/wp-json\/wp\/v2\/types\/post"}],"author":[{"embeddable":true,"href":"http:\/\/gradadigital.com\/home\/wp-json\/wp\/v2\/users\/3"}],"replies":[{"embeddable":true,"href":"http:\/\/gradadigital.com\/home\/wp-json\/wp\/v2\/comments?post=22406"}],"version-history":[{"count":1,"href":"http:\/\/gradadigital.com\/home\/wp-json\/wp\/v2\/posts\/22406\/revisions"}],"predecessor-version":[{"id":22407,"href":"http:\/\/gradadigital.com\/home\/wp-json\/wp\/v2\/posts\/22406\/revisions\/22407"}],"wp:featuredmedia":[{"embeddable":true,"href":"http:\/\/gradadigital.com\/home\/wp-json\/wp\/v2\/media\/18956"}],"wp:attachment":[{"href":"http:\/\/gradadigital.com\/home\/wp-json\/wp\/v2\/media?parent=22406"}],"wp:term":[{"taxonomy":"category","embeddable":true,"href":"http:\/\/gradadigital.com\/home\/wp-json\/wp\/v2\/categories?post=22406"},{"taxonomy":"post_tag","embeddable":true,"href":"http:\/\/gradadigital.com\/home\/wp-json\/wp\/v2\/tags?post=22406"}],"curies":[{"name":"wp","href":"https:\/\/api.w.org\/{rel}","templated":true}]}}