{"id":2237,"date":"2013-07-09T09:19:36","date_gmt":"2013-07-09T13:49:36","guid":{"rendered":"http:\/\/gradadigital.com\/home\/?p=2237"},"modified":"2013-07-09T13:21:41","modified_gmt":"2013-07-09T17:51:41","slug":"fotos-vizcarrondo-ya-entrena-con-el-nantes-he-dado-un-paso-progresivo-en-mi-carrera","status":"publish","type":"post","link":"http:\/\/gradadigital.com\/home\/fotos-vizcarrondo-ya-entrena-con-el-nantes-he-dado-un-paso-progresivo-en-mi-carrera\/","title":{"rendered":"+FOTOS | Vizcarrondo ya entrena con el Nantes: \u00abHe dado un paso progresivo en mi carrera\u00bb"},"content":{"rendered":"<p style=\"text-align: justify;\"><strong><a href=\"http:\/\/gradadigital.com\/home\/wp-content\/uploads\/2013\/07\/oswaldo_vizcarrondo_nantes_09072013.jpg\"><img loading=\"lazy\" decoding=\"async\" class=\" wp-image-2239 alignleft\" style=\"border: 0px none;\" alt=\"oswaldo_vizcarrondo_nantes_09072013\" src=\"http:\/\/gradadigital.com\/home\/wp-content\/uploads\/2013\/07\/oswaldo_vizcarrondo_nantes_09072013.jpg\" width=\"397\" height=\"596\" srcset=\"http:\/\/gradadigital.com\/home\/wp-content\/uploads\/2013\/07\/oswaldo_vizcarrondo_nantes_09072013.jpg 397w, http:\/\/gradadigital.com\/home\/wp-content\/uploads\/2013\/07\/oswaldo_vizcarrondo_nantes_09072013-199x300.jpg 199w\" sizes=\"auto, (max-width: 397px) 100vw, 397px\" \/><\/a><\/strong><strong>GradaDigital.com &#8211;<\/strong> El defensor venezolano, Oswaldo Vizcarrondo, ya se uni\u00f3 al FC Nantes, pas\u00f3 los ex\u00e1menes m\u00e9dicos, y ahora se prepara para integrarse a la pretemporada con el resto de sus compa\u00f1eros, entre ellos Gabriel Cichero y Fernando Aristeguieta.<\/p>\n<p style=\"text-align: justify;\"><strong>\u00abLuego de los ex\u00e1menes m\u00e9dicos se puede confirmar que soy jugador del Nantes\u00bb<\/strong>, expres\u00f3 Oswaldo en su cuenta oficial de Twitter. <strong>\u00abHe dado un paso progresivo en mi carrera con la idea clara de siempre mejorar. Quiero resaltar mi m\u00e1s sincero agradecimiento a todo el entorno del Club Atl\u00e9tico Lan\u00fas. Solo palabras de elogios y buenos recuerdos me llevo\u00bb<\/strong>, agreg\u00f3.<\/p>\n<p style=\"text-align: justify;\">Vizcarrondo, quien utilizar\u00e1 la camista 14 del equipo, coment\u00f3 sobre sus compatriotas. <strong>\u00abSe avecinan lindos retos junto a dos excelentes profesionales pero mejores personas\u00bb<\/strong>.<\/p>\n<p style=\"text-align: center;\"><a href=\"http:\/\/gradadigital.com\/home\/wp-content\/uploads\/2013\/07\/oswaldo_vizcarrondo_nantes_09072013_2.jpg\"><img loading=\"lazy\" decoding=\"async\" class=\"alignnone size-full wp-image-2238\" alt=\"oswaldo_vizcarrondo_nantes_09072013_2\" src=\"http:\/\/gradadigital.com\/home\/wp-content\/uploads\/2013\/07\/oswaldo_vizcarrondo_nantes_09072013_2.jpg\" width=\"397\" height=\"596\" srcset=\"http:\/\/gradadigital.com\/home\/wp-content\/uploads\/2013\/07\/oswaldo_vizcarrondo_nantes_09072013_2.jpg 397w, http:\/\/gradadigital.com\/home\/wp-content\/uploads\/2013\/07\/oswaldo_vizcarrondo_nantes_09072013_2-199x300.jpg 199w\" sizes=\"auto, (max-width: 397px) 100vw, 397px\" \/><\/a><\/p>\n","protected":false},"excerpt":{"rendered":"<p>GradaDigital.com &#8211; El defensor venezolano, Oswaldo Vizcarrondo, ya se uni\u00f3 al FC Nantes, pas\u00f3 los ex\u00e1menes m\u00e9dicos, y ahora se prepara para integrarse a la pretemporada con el resto de sus compa\u00f1eros, entre ellos Gabriel Cichero y Fernando Aristeguieta. \u00abLuego de los ex\u00e1menes m\u00e9dicos se puede confirmar que soy jugador del Nantes\u00bb, expres\u00f3 Oswaldo en &#8230;<\/p>\n","protected":false},"author":4,"featured_media":2240,"comment_status":"closed","ping_status":"closed","sticky":false,"template":"","format":"standard","meta":{"footnotes":""},"categories":[43,36,4],"tags":[],"class_list":["post-2237","post","type-post","status-publish","format-standard","has-post-thumbnail","hentry","category-fotos","category-internacional","category-legionarios"],"_links":{"self":[{"href":"http:\/\/gradadigital.com\/home\/wp-json\/wp\/v2\/posts\/2237","targetHints":{"allow":["GET"]}}],"collection":[{"href":"http:\/\/gradadigital.com\/home\/wp-json\/wp\/v2\/posts"}],"about":[{"href":"http:\/\/gradadigital.com\/home\/wp-json\/wp\/v2\/types\/post"}],"author":[{"embeddable":true,"href":"http:\/\/gradadigital.com\/home\/wp-json\/wp\/v2\/users\/4"}],"replies":[{"embeddable":true,"href":"http:\/\/gradadigital.com\/home\/wp-json\/wp\/v2\/comments?post=2237"}],"version-history":[{"count":8,"href":"http:\/\/gradadigital.com\/home\/wp-json\/wp\/v2\/posts\/2237\/revisions"}],"predecessor-version":[{"id":2243,"href":"http:\/\/gradadigital.com\/home\/wp-json\/wp\/v2\/posts\/2237\/revisions\/2243"}],"wp:featuredmedia":[{"embeddable":true,"href":"http:\/\/gradadigital.com\/home\/wp-json\/wp\/v2\/media\/2240"}],"wp:attachment":[{"href":"http:\/\/gradadigital.com\/home\/wp-json\/wp\/v2\/media?parent=2237"}],"wp:term":[{"taxonomy":"category","embeddable":true,"href":"http:\/\/gradadigital.com\/home\/wp-json\/wp\/v2\/categories?post=2237"},{"taxonomy":"post_tag","embeddable":true,"href":"http:\/\/gradadigital.com\/home\/wp-json\/wp\/v2\/tags?post=2237"}],"curies":[{"name":"wp","href":"https:\/\/api.w.org\/{rel}","templated":true}]}}