{"id":22365,"date":"2015-07-30T22:21:07","date_gmt":"2015-07-31T02:51:07","guid":{"rendered":"http:\/\/gradadigital.com\/home\/?p=22365"},"modified":"2015-07-30T22:30:07","modified_gmt":"2015-07-31T03:00:07","slug":"hay-acuerdo-gol-tv-transmitira-futbol-venezolano","status":"publish","type":"post","link":"http:\/\/gradadigital.com\/home\/hay-acuerdo-gol-tv-transmitira-futbol-venezolano\/","title":{"rendered":"Hay acuerdo: Gol TV transmitir\u00e1 f\u00fatbol venezolano"},"content":{"rendered":"<p style=\"text-align: center;\"><img loading=\"lazy\" decoding=\"async\" class=\"alignnone size-full wp-image-22367\" src=\"http:\/\/gradadigital.com\/home\/wp-content\/uploads\/2015\/07\/estudios_goltv_30072015.jpg\" alt=\"estudios_goltv_30072015\" width=\"682\" height=\"455\" srcset=\"http:\/\/gradadigital.com\/home\/wp-content\/uploads\/2015\/07\/estudios_goltv_30072015.jpg 682w, http:\/\/gradadigital.com\/home\/wp-content\/uploads\/2015\/07\/estudios_goltv_30072015-300x200.jpg 300w\" sizes=\"auto, (max-width: 682px) 100vw, 682px\" \/><\/p>\n<p style=\"text-align: center;\"><img loading=\"lazy\" decoding=\"async\" class=\"alignnone size-full wp-image-16349\" src=\"http:\/\/gradadigital.com\/home\/wp-content\/uploads\/2014\/12\/banner_opcion_comentarios_gd.jpg\" alt=\"banner_opcion_comentarios_gd\" width=\"621\" height=\"41\" srcset=\"http:\/\/gradadigital.com\/home\/wp-content\/uploads\/2014\/12\/banner_opcion_comentarios_gd.jpg 621w, http:\/\/gradadigital.com\/home\/wp-content\/uploads\/2014\/12\/banner_opcion_comentarios_gd-300x19.jpg 300w, http:\/\/gradadigital.com\/home\/wp-content\/uploads\/2014\/12\/banner_opcion_comentarios_gd-620x41.jpg 620w\" sizes=\"auto, (max-width: 621px) 100vw, 621px\" \/><\/p>\n<p style=\"text-align: justify;\"><strong>GradaDigital.com &#8211;<\/strong> Durante la tarde de este jueves (30 de julio), el actual presidente del Zulia FC, C\u00e9sar Far\u00edas -y director t\u00e9cnico del\u00a0North East United FC de la India-, anunci\u00f3 en su cuenta oficial de Twitter que <strong>\u00abel pr\u00f3ximo martes promete ser hist\u00f3rico: la firma del contrato con GOL TV marcar\u00e1 un antes y un despu\u00e9s en nuestro f\u00fatbol venezolano\u00bb<\/strong>.<\/p>\n<p style=\"text-align: justify;\">A esto se suma que dentro de la\u00a0Asociaci\u00f3n de Clubes Profesionales del F\u00fatbol Venezolano, fundada en el presente a\u00f1o y con el visto bueno de C\u00e9sar Far\u00edas, hay el apoyo para que dicha negociaci\u00f3n se concrete. <strong>\u00abLos acuerdos que alcanzamos hoy en la\u00a0Asociaci\u00f3n de Clubes Profesionales del F\u00fatbol Venezolano,\u00a0le dar\u00e1n un impulso extraordinario al f\u00fatbol venezolano como producto. Avanzamos unidos sin descanso\u00bb<\/strong>, asegur\u00f3 Far\u00edas.<\/p>\n<p style=\"text-align: justify;\">El Presidente de la asociaci\u00f3n es\u00a0George Antar, ligado al Deportivo La Guaira quien ha asegurado que el presente acuerdo iniciar\u00e1 a partir del Apertura 2016.\u00a0Antar asegur\u00f3 que\u00a0<strong>\u00abavanzamos hacia un f\u00fatbol venezolano m\u00e1s atractivo, con gran difusi\u00f3n y con logros vanguardistas incluso en nuestra regi\u00f3n.\u00a0El pr\u00f3ximo martes, sellaremos un acuerdo extraordinario para nuestro f\u00fatbol: la TV internacional toca la puerta\u00bb<\/strong>. Adem\u00e1s agreg\u00f3 que <strong>\u00abse logr\u00f3 dar otro importante paso para el avance del f\u00fatbol venezolano: la definitiva formalizaci\u00f3n de la Asociaci\u00f3n de Clubes.\u00a0El cambio de formato en pro de una mayor competitividad y un mejor espect\u00e1culo, ser\u00e1 un impulso para atraer m\u00e1s p\u00fablico\u00bb<\/strong>.<\/p>\n<p style=\"text-align: justify;\">El directivo finaliz\u00f3 con un mensaje: <strong>\u00abnuestro motor es el positivismo.\u00a0Y nos descansaremos hasta que nuestro clubes, nuestro torneo y nuestro f\u00fatbol sean un Producto de Calidad\u00bb<\/strong>.<\/p>\n<p style=\"text-align: center;\"><a href=\"https:\/\/play.google.com\/store\/apps\/details?id=com.app.gradadigital\" target=\"_blank\"><img loading=\"lazy\" decoding=\"async\" class=\"alignnone size-full wp-image-15415\" src=\"http:\/\/gradadigital.com\/home\/wp-content\/uploads\/2014\/10\/banner_aplicacion_V2_GRADADIGITAL_17102014.jpg\" alt=\"banner_aplicacion_V2_GRADADIGITAL_17102014\" width=\"620\" height=\"100\" srcset=\"http:\/\/gradadigital.com\/home\/wp-content\/uploads\/2014\/10\/banner_aplicacion_V2_GRADADIGITAL_17102014.jpg 620w, http:\/\/gradadigital.com\/home\/wp-content\/uploads\/2014\/10\/banner_aplicacion_V2_GRADADIGITAL_17102014-300x48.jpg 300w\" sizes=\"auto, (max-width: 620px) 100vw, 620px\" \/><\/a><\/p>\n","protected":false},"excerpt":{"rendered":"<p>GradaDigital.com &#8211; Durante la tarde de este jueves (30 de julio), el actual presidente del Zulia FC, C\u00e9sar Far\u00edas -y director t\u00e9cnico del\u00a0North East United FC de la India-, anunci\u00f3 en su cuenta oficial de Twitter que \u00abel pr\u00f3ximo martes promete ser hist\u00f3rico: la firma del contrato con GOL TV marcar\u00e1 un antes y un &#8230;<\/p>\n","protected":false},"author":4,"featured_media":22367,"comment_status":"closed","ping_status":"closed","sticky":false,"template":"","format":"standard","meta":{"footnotes":""},"categories":[752,5,31],"tags":[],"class_list":["post-22365","post","type-post","status-publish","format-standard","has-post-thumbnail","hentry","category-appgd","category-futbol-nacional","category-primera-division"],"_links":{"self":[{"href":"http:\/\/gradadigital.com\/home\/wp-json\/wp\/v2\/posts\/22365","targetHints":{"allow":["GET"]}}],"collection":[{"href":"http:\/\/gradadigital.com\/home\/wp-json\/wp\/v2\/posts"}],"about":[{"href":"http:\/\/gradadigital.com\/home\/wp-json\/wp\/v2\/types\/post"}],"author":[{"embeddable":true,"href":"http:\/\/gradadigital.com\/home\/wp-json\/wp\/v2\/users\/4"}],"replies":[{"embeddable":true,"href":"http:\/\/gradadigital.com\/home\/wp-json\/wp\/v2\/comments?post=22365"}],"version-history":[{"count":3,"href":"http:\/\/gradadigital.com\/home\/wp-json\/wp\/v2\/posts\/22365\/revisions"}],"predecessor-version":[{"id":22372,"href":"http:\/\/gradadigital.com\/home\/wp-json\/wp\/v2\/posts\/22365\/revisions\/22372"}],"wp:featuredmedia":[{"embeddable":true,"href":"http:\/\/gradadigital.com\/home\/wp-json\/wp\/v2\/media\/22367"}],"wp:attachment":[{"href":"http:\/\/gradadigital.com\/home\/wp-json\/wp\/v2\/media?parent=22365"}],"wp:term":[{"taxonomy":"category","embeddable":true,"href":"http:\/\/gradadigital.com\/home\/wp-json\/wp\/v2\/categories?post=22365"},{"taxonomy":"post_tag","embeddable":true,"href":"http:\/\/gradadigital.com\/home\/wp-json\/wp\/v2\/tags?post=22365"}],"curies":[{"name":"wp","href":"https:\/\/api.w.org\/{rel}","templated":true}]}}