{"id":22324,"date":"2015-07-29T14:33:58","date_gmt":"2015-07-29T19:03:58","guid":{"rendered":"http:\/\/gradadigital.com\/home\/?p=22324"},"modified":"2016-02-01T01:11:55","modified_gmt":"2016-02-01T05:41:55","slug":"los-premios-futve-anunciaron-a-los-mejores-de-la-temporada-201415","status":"publish","type":"post","link":"http:\/\/gradadigital.com\/home\/los-premios-futve-anunciaron-a-los-mejores-de-la-temporada-201415\/","title":{"rendered":"Los Premios FutVe anunciaron a los mejores de la Temporada 2014\/15"},"content":{"rendered":"<p style=\"text-align: center;\"><img loading=\"lazy\" decoding=\"async\" class=\"alignnone size-full wp-image-22326\" src=\"http:\/\/gradadigital.com\/home\/wp-content\/uploads\/2015\/07\/miguel_arias_premiosfutve_29072015.jpg\" alt=\"miguel_arias_premiosfutve_29072015\" width=\"682\" height=\"455\" srcset=\"http:\/\/gradadigital.com\/home\/wp-content\/uploads\/2015\/07\/miguel_arias_premiosfutve_29072015.jpg 682w, http:\/\/gradadigital.com\/home\/wp-content\/uploads\/2015\/07\/miguel_arias_premiosfutve_29072015-300x200.jpg 300w\" sizes=\"auto, (max-width: 682px) 100vw, 682px\" \/><\/p>\n<p style=\"text-align: center;\"><img loading=\"lazy\" decoding=\"async\" class=\"alignnone size-full wp-image-16349\" src=\"http:\/\/gradadigital.com\/home\/wp-content\/uploads\/2014\/12\/banner_opcion_comentarios_gd.jpg\" alt=\"banner_opcion_comentarios_gd\" width=\"621\" height=\"41\" srcset=\"http:\/\/gradadigital.com\/home\/wp-content\/uploads\/2014\/12\/banner_opcion_comentarios_gd.jpg 621w, http:\/\/gradadigital.com\/home\/wp-content\/uploads\/2014\/12\/banner_opcion_comentarios_gd-300x19.jpg 300w, http:\/\/gradadigital.com\/home\/wp-content\/uploads\/2014\/12\/banner_opcion_comentarios_gd-620x41.jpg 620w\" sizes=\"auto, (max-width: 621px) 100vw, 621px\" \/><\/p>\n<p style=\"text-align: justify;\"><strong>GradaDigital.com &#8211;<\/strong> En un acto efectuado en las instalaciones del Teatro\u00a0Teatrex, este mi\u00e9rcoles, 29 de julio, se anunciaron a los jugadores y clubes m\u00e1s destacados de la Temporada 2014\/2015, tanto a nivel deportivo como direcci\u00f3n de prensa en sus diferentes funciones.<\/p>\n<p style=\"text-align: justify;\">Miguel Arias como vocero de la organizaci\u00f3n, anunci\u00f3 a los ganadores, entre los que destac\u00f3 Jorge \u00abZurdo\u00bb Rojas como el mejor de la temporada por su actuaci\u00f3n con Metropolitanos FC y el Deportivo T\u00e1chira FC, siendo el \u00faltimo donde alcanzar\u00eda el t\u00edtulo nacional. El \u00abZurdo\u00bb fue elegido por la prensa especializada y los fan\u00e1ticos que votaron a trav\u00e9s del p\u00e1gina web oficial (<span style=\"color: #0000ff;\"><a style=\"color: #0000ff;\" href=\"http:\/\/premiosfutve.com\/\" target=\"_blank\">PremiosFutVe.com<\/a><\/span>) de la organizaci\u00f3n.\u00a0El gran ganador de la mayor\u00eda de las categor\u00edas fue el elenco aurinegro.<\/p>\n<p style=\"text-align: justify;\">Jugadores como Jorge Rojas, Alain Baroja y Over Garc\u00eda, agradecieron a trav\u00e9s de una videoconferencia a la organizaci\u00f3n por los galardones que obtuvieron. <strong>A continuaci\u00f3n los resultados:<\/strong><\/p>\n<p style=\"text-align: center;\"><img loading=\"lazy\" decoding=\"async\" class=\"alignnone size-full wp-image-22331\" src=\"http:\/\/gradadigital.com\/home\/wp-content\/uploads\/2015\/07\/jorge_rojas_miguel_arias_premiosfutve_29072015.jpg\" alt=\"jorge_rojas_miguel_arias_premiosfutve_29072015\" width=\"682\" height=\"455\" srcset=\"http:\/\/gradadigital.com\/home\/wp-content\/uploads\/2015\/07\/jorge_rojas_miguel_arias_premiosfutve_29072015.jpg 682w, http:\/\/gradadigital.com\/home\/wp-content\/uploads\/2015\/07\/jorge_rojas_miguel_arias_premiosfutve_29072015-300x200.jpg 300w\" sizes=\"auto, (max-width: 682px) 100vw, 682px\" \/><\/p>\n<p style=\"text-align: justify;\"><strong>Mejor Jugador de la Temporada:<\/strong><br \/>\n<strong>Prensa:<\/strong> Jorge Rojas<br \/>\n<strong>P\u00fablico:<\/strong> Jorge Rojas<\/p>\n<p style=\"text-align: justify;\"><strong>Mejor Venezolano en el Extranjero:<\/strong><br \/>\n<strong>Prensa:<\/strong> Salom\u00f3n Rond\u00f3n<br \/>\n<strong>P\u00fablico:<\/strong> Tom\u00e1s Rinc\u00f3n<\/p>\n<p style=\"text-align: justify;\"><strong>Mejor Extranjero en Venezuela:<\/strong><br \/>\n<strong>Prensa:<\/strong> Edwin Aguilar<br \/>\n<strong>P\u00fablico:<\/strong> Over Garc\u00eda<\/p>\n<p style=\"text-align: justify;\"><strong>Mejor Director T\u00e9cnico:<\/strong><br \/>\n<strong>Prensa:<\/strong> Daniel Far\u00edas<br \/>\n<strong>P\u00fablico:<\/strong> Daniel Far\u00edas<\/p>\n<p style=\"text-align: justify;\"><strong>Mejor Juvenil:<\/strong><br \/>\n<strong>Prensa:<\/strong> Jhon Murillo<br \/>\n<strong>P\u00fablico:<\/strong> Carlos Cerme\u00f1o<\/p>\n<p style=\"text-align: justify;\"><strong>Mejor Equipo:<\/strong><br \/>\n<strong>P\u00fablico:<\/strong> Deportivo T\u00e1chira<\/p>\n<p style=\"text-align: justify;\"><strong>Mejor Estadio:<\/strong><br \/>\n<strong>Prensa:<\/strong> Cachamay<br \/>\n<strong>P\u00fablico:<\/strong> Pueblo Nuevo<\/p>\n<p style=\"text-align: justify;\"><strong>Mejor P\u00e1gina Web:<\/strong><br \/>\n<strong>Prensa:<\/strong> Deportivo T\u00e1chira<br \/>\n<strong>P\u00fablico:<\/strong> Deportivo T\u00e1chira<\/p>\n<p style=\"text-align: justify;\"><strong>Mejor Equipo en Redes Sociales:<\/strong><br \/>\n<strong>Prensa:<\/strong> Caracas FC<br \/>\n<strong>P\u00fablico:<\/strong> Deportivo T\u00e1chira<\/p>\n<p style=\"text-align: justify;\"><strong>Mejor \u00c1rbitro:<\/strong><br \/>\n<strong>Prensa:<\/strong> Jes\u00fas Valenzuela<\/p>\n<p style=\"text-align: justify;\"><strong>Ganadores de los premios estad\u00edsticos:<br \/>\nGoleador:<\/strong> Edwin Aguilar<br \/>\n<strong>Goleador Copa Venezuela:<\/strong> Freddys Arrieta<br \/>\n<strong>Mejor portero:<\/strong> Alain Baroja<br \/>\n<strong>Mejor equipo con juego limpio:<\/strong> Estudiantes de M\u00e9rida<\/p>\n<p style=\"text-align: center;\"><strong>FOTOS<\/strong><br \/>\n<img loading=\"lazy\" decoding=\"async\" class=\"alignnone size-full wp-image-22330\" src=\"http:\/\/gradadigital.com\/home\/wp-content\/uploads\/2015\/07\/tachira_miguel_arias_premiosfutve_29072015.jpg\" alt=\"tachira_miguel_arias_premiosfutve_29072015\" width=\"682\" height=\"455\" srcset=\"http:\/\/gradadigital.com\/home\/wp-content\/uploads\/2015\/07\/tachira_miguel_arias_premiosfutve_29072015.jpg 682w, http:\/\/gradadigital.com\/home\/wp-content\/uploads\/2015\/07\/tachira_miguel_arias_premiosfutve_29072015-300x200.jpg 300w\" sizes=\"auto, (max-width: 682px) 100vw, 682px\" \/><\/p>\n<p style=\"text-align: center;\"><img loading=\"lazy\" decoding=\"async\" class=\"alignnone size-full wp-image-22333\" src=\"http:\/\/gradadigital.com\/home\/wp-content\/uploads\/2015\/07\/miguel_arias_premiosfutve_29072015_2.jpg\" alt=\"miguel_arias_premiosfutve_29072015_2\" width=\"682\" height=\"455\" srcset=\"http:\/\/gradadigital.com\/home\/wp-content\/uploads\/2015\/07\/miguel_arias_premiosfutve_29072015_2.jpg 682w, http:\/\/gradadigital.com\/home\/wp-content\/uploads\/2015\/07\/miguel_arias_premiosfutve_29072015_2-300x200.jpg 300w\" sizes=\"auto, (max-width: 682px) 100vw, 682px\" \/><\/p>\n<p style=\"text-align: center;\"><img loading=\"lazy\" decoding=\"async\" class=\"alignnone size-full wp-image-22327\" src=\"http:\/\/gradadigital.com\/home\/wp-content\/uploads\/2015\/07\/jorge_rojas_premiosfutve_29072015.jpg\" alt=\"jorge_rojas_premiosfutve_29072015\" width=\"682\" height=\"455\" srcset=\"http:\/\/gradadigital.com\/home\/wp-content\/uploads\/2015\/07\/jorge_rojas_premiosfutve_29072015.jpg 682w, http:\/\/gradadigital.com\/home\/wp-content\/uploads\/2015\/07\/jorge_rojas_premiosfutve_29072015-300x200.jpg 300w\" sizes=\"auto, (max-width: 682px) 100vw, 682px\" \/><\/p>\n<p style=\"text-align: center;\"><img loading=\"lazy\" decoding=\"async\" class=\"alignnone size-full wp-image-22328\" src=\"http:\/\/gradadigital.com\/home\/wp-content\/uploads\/2015\/07\/alain_baroja_premiosfutve_29072015.jpg\" alt=\"alain_baroja_premiosfutve_29072015\" width=\"682\" height=\"455\" srcset=\"http:\/\/gradadigital.com\/home\/wp-content\/uploads\/2015\/07\/alain_baroja_premiosfutve_29072015.jpg 682w, http:\/\/gradadigital.com\/home\/wp-content\/uploads\/2015\/07\/alain_baroja_premiosfutve_29072015-300x200.jpg 300w\" sizes=\"auto, (max-width: 682px) 100vw, 682px\" \/><\/p>\n<p style=\"text-align: center;\"><img loading=\"lazy\" decoding=\"async\" class=\"alignnone size-full wp-image-22329\" src=\"http:\/\/gradadigital.com\/home\/wp-content\/uploads\/2015\/07\/over_garcia_premiosfutve_29072015.jpg\" alt=\"over_garcia_premiosfutve_29072015\" width=\"682\" height=\"455\" srcset=\"http:\/\/gradadigital.com\/home\/wp-content\/uploads\/2015\/07\/over_garcia_premiosfutve_29072015.jpg 682w, http:\/\/gradadigital.com\/home\/wp-content\/uploads\/2015\/07\/over_garcia_premiosfutve_29072015-300x200.jpg 300w\" sizes=\"auto, (max-width: 682px) 100vw, 682px\" \/><\/p>\n<p style=\"text-align: center;\"><img loading=\"lazy\" decoding=\"async\" class=\"alignnone size-full wp-image-22332\" src=\"http:\/\/gradadigital.com\/home\/wp-content\/uploads\/2015\/07\/miguel_arias_premiosfutve_29072015_3.jpg\" alt=\"miguel_arias_premiosfutve_29072015_3\" width=\"682\" height=\"455\" srcset=\"http:\/\/gradadigital.com\/home\/wp-content\/uploads\/2015\/07\/miguel_arias_premiosfutve_29072015_3.jpg 682w, http:\/\/gradadigital.com\/home\/wp-content\/uploads\/2015\/07\/miguel_arias_premiosfutve_29072015_3-300x200.jpg 300w\" sizes=\"auto, (max-width: 682px) 100vw, 682px\" \/><\/p>\n<p style=\"text-align: center;\"><a href=\"https:\/\/play.google.com\/store\/apps\/details?id=com.app.gradadigital\" target=\"_blank\"><img loading=\"lazy\" decoding=\"async\" class=\"alignnone size-full wp-image-15415\" src=\"http:\/\/gradadigital.com\/home\/wp-content\/uploads\/2014\/10\/banner_aplicacion_V2_GRADADIGITAL_17102014.jpg\" alt=\"banner_aplicacion_V2_GRADADIGITAL_17102014\" width=\"620\" height=\"100\" srcset=\"http:\/\/gradadigital.com\/home\/wp-content\/uploads\/2014\/10\/banner_aplicacion_V2_GRADADIGITAL_17102014.jpg 620w, http:\/\/gradadigital.com\/home\/wp-content\/uploads\/2014\/10\/banner_aplicacion_V2_GRADADIGITAL_17102014-300x48.jpg 300w\" sizes=\"auto, (max-width: 620px) 100vw, 620px\" \/><\/a><\/p>\n","protected":false},"excerpt":{"rendered":"<p>GradaDigital.com &#8211; En un acto efectuado en las instalaciones del Teatro\u00a0Teatrex, este mi\u00e9rcoles, 29 de julio, se anunciaron a los jugadores y clubes m\u00e1s destacados de la Temporada 2014\/2015, tanto a nivel deportivo como direcci\u00f3n de prensa en sus diferentes funciones. Miguel Arias como vocero de la organizaci\u00f3n, anunci\u00f3 a los ganadores, entre los que &#8230;<\/p>\n","protected":false},"author":4,"featured_media":22326,"comment_status":"closed","ping_status":"closed","sticky":false,"template":"","format":"standard","meta":{"footnotes":""},"categories":[32,752,9,10,11,1879,13,5,15,35,31],"tags":[1840,82,216,946,1753,1476,1475,1752],"class_list":["post-22324","post","type-post","status-publish","format-standard","has-post-thumbnail","hentry","category-especial","category-appgd","category-caracas-fc","category-deportivo-anzoategui","category-deportivo-tachira","category-en-offside","category-estudiantes-de-merida","category-futbol-nacional","category-mineros-de-guayana","category-otras-categorias","category-primera-division","tag-deportivo-tachira","tag-futbol-venezolano","tag-futve","tag-jorge-rojas","tag-miguel-arias","tag-premios","tag-premios-futve","tag-teatro-teatrex"],"_links":{"self":[{"href":"http:\/\/gradadigital.com\/home\/wp-json\/wp\/v2\/posts\/22324","targetHints":{"allow":["GET"]}}],"collection":[{"href":"http:\/\/gradadigital.com\/home\/wp-json\/wp\/v2\/posts"}],"about":[{"href":"http:\/\/gradadigital.com\/home\/wp-json\/wp\/v2\/types\/post"}],"author":[{"embeddable":true,"href":"http:\/\/gradadigital.com\/home\/wp-json\/wp\/v2\/users\/4"}],"replies":[{"embeddable":true,"href":"http:\/\/gradadigital.com\/home\/wp-json\/wp\/v2\/comments?post=22324"}],"version-history":[{"count":4,"href":"http:\/\/gradadigital.com\/home\/wp-json\/wp\/v2\/posts\/22324\/revisions"}],"predecessor-version":[{"id":22373,"href":"http:\/\/gradadigital.com\/home\/wp-json\/wp\/v2\/posts\/22324\/revisions\/22373"}],"wp:featuredmedia":[{"embeddable":true,"href":"http:\/\/gradadigital.com\/home\/wp-json\/wp\/v2\/media\/22326"}],"wp:attachment":[{"href":"http:\/\/gradadigital.com\/home\/wp-json\/wp\/v2\/media?parent=22324"}],"wp:term":[{"taxonomy":"category","embeddable":true,"href":"http:\/\/gradadigital.com\/home\/wp-json\/wp\/v2\/categories?post=22324"},{"taxonomy":"post_tag","embeddable":true,"href":"http:\/\/gradadigital.com\/home\/wp-json\/wp\/v2\/tags?post=22324"}],"curies":[{"name":"wp","href":"https:\/\/api.w.org\/{rel}","templated":true}]}}