{"id":22299,"date":"2015-07-28T18:07:09","date_gmt":"2015-07-28T22:37:09","guid":{"rendered":"http:\/\/gradadigital.com\/home\/?p=22299"},"modified":"2015-07-28T18:07:09","modified_gmt":"2015-07-28T22:37:09","slug":"luis-vera-vendran-variantes-por-la-cantidad-de-partidos-seguidos","status":"publish","type":"post","link":"http:\/\/gradadigital.com\/home\/luis-vera-vendran-variantes-por-la-cantidad-de-partidos-seguidos\/","title":{"rendered":"Luis Vera: \u00abVendr\u00e1n variantes por la cantidad de partidos seguidos\u00bb"},"content":{"rendered":"<p style=\"text-align: center;\"><img decoding=\"async\" class=\"details-image\" draggable=\"false\" src=\"http:\/\/gradadigital.com\/home\/wp-content\/uploads\/2015\/07\/luis_vera_pajaro_mineros_metropolitanos_19072015.jpg\" alt=\"\" \/><\/p>\n<p style=\"text-align: center;\"><img decoding=\"async\" src=\"http:\/\/gradadigital.com\/home\/wp-content\/uploads\/2014\/12\/banner_opcion_comentarios_gd.jpg\" alt=\"http:\/\/gradadigital.com\/home\/wp-content\/uploads\/2014\/12\/banner_opcion_comentarios_gd.jpg\" \/><\/p>\n<p style=\"text-align: justify;\"><strong>Prensa Mineros de Guayana &#8211;<\/strong> Luego de la goleada conseguida ante Trujillanos FC en la jornada cuatro del Torneo Adecuaci\u00f3n, Mineros de Guayana regres\u00f3 a los entrenamientos con la finalidad de preparar su pr\u00f3ximo partido en condici\u00f3n de visitante frente a Llaneros.<\/p>\n<p style=\"text-align: justify;\">Los dirigidos por Luis Vera, se dieron cita desde las 7 de la ma\u00f1ana en la cancha de la Universidad Cat\u00f3lica Andr\u00e9s Bello, donde luego de un breve calentamiento se dividieron en dos grupos.<\/p>\n<p style=\"text-align: justify;\">Los jugadores que vieron acci\u00f3n el pasado domingo efectuaron trabajos regenerativos, mientras que los no convocados o aquellos que vieron pocos minutos de acci\u00f3n, ejecutaron trabajos en espacio reducido.<\/p>\n<p style=\"text-align: justify;\"><strong>Vendr\u00e1n variantes<\/strong><br \/>\nPara el director t\u00e9cnico negriazul, la \u00fanica manera de afrontar tantos partidos consecutivos es con variantes. <strong>\u201cEstamos claros que pronto realizaremos cambios en el once inicial pero siempre manteniendo una base, que te permita seguir con el esquema de juego utilizado hasta los momentos. Llegar\u00e1 la oportunidad de que otros puedan jugar y sabemos que estar\u00e1n al mismo nivel\u201d<\/strong>.<\/p>\n<p style=\"text-align: justify;\">En tres de los cuartos encuentros disputados hasta los momentos, Mineros ha conseguido irse arriba en el marcador y eso se debe la intensidad y rapidez que muestra el equipo desde el pitazo inicial. <strong>\u201cAdelantarse en el marcador es un indicio que buscamos los partidos, adem\u00e1s no hemos regulado a ning\u00fan jugador. Ante Ure\u00f1a dominamos, frente a Metropolitanos hicimos lo mismo pero con m\u00e1s claridad de cara al gol, en Puerto La Cruz lo rese\u00f1o como un tiempo para cada equipo, y con Trujillanos tambi\u00e9n; es decir, nunca abandonamos buscar el juego\u201d<\/strong>.<\/p>\n<p style=\"text-align: justify;\"><strong>Copa Venezuela<\/strong><br \/>\nPor \u00faltimo, el DT minerista toc\u00f3 el tema de los partidos en la Copa Venezuela, que comenzar\u00e1n el pr\u00f3ximo 5 de agosto frente a Diamantes de Guayana. <strong>\u201cAll\u00ed debemos usar dos jugadores reglas pero pueden tener la seguridad que de contar con otro en buena forma, no voy a temer en colocarlo. Tenemos a Bryan Hurtado, quien ha tenido un gran progreso y de seguro podr\u00e1 ver minutos\u201d<\/strong>.<\/p>\n<p style=\"text-align: justify;\">Mineros continuar\u00e1 ma\u00f1ana con sus entrenamientos pero tambi\u00e9n compartir\u00e1 con los ni\u00f1os de la Escuela de F\u00fatbol Vista al Sol, para entregar los juguetes y donativos recolectados el pasado D\u00eda del Ni\u00f1o en el CTE Cachamay.<\/p>\n<p style=\"text-align: center;\"><a href=\"https:\/\/play.google.com\/store\/apps\/details?id=com.app.gradadigital\" target=\"_blank\"><img decoding=\"async\" src=\"http:\/\/gradadigital.com\/home\/wp-content\/uploads\/2014\/10\/banner_aplicacion_V2_GRADADIGITAL_17102014.jpg\" alt=\"http:\/\/gradadigital.com\/home\/wp-content\/uploads\/2014\/10\/banner_aplicacion_V2_GRADADIGITAL_17102014.jpg\" \/><\/a><\/p>\n","protected":false},"excerpt":{"rendered":"<p>Prensa Mineros de Guayana &#8211; Luego de la goleada conseguida ante Trujillanos FC en la jornada cuatro del Torneo Adecuaci\u00f3n, Mineros de Guayana regres\u00f3 a los entrenamientos con la finalidad de preparar su pr\u00f3ximo partido en condici\u00f3n de visitante frente a Llaneros. Los dirigidos por Luis Vera, se dieron cita desde las 7 de la &#8230;<\/p>\n","protected":false},"author":3,"featured_media":21924,"comment_status":"closed","ping_status":"closed","sticky":false,"template":"","format":"standard","meta":{"footnotes":""},"categories":[752,5,15,31],"tags":[1685,1202,158,1843,1203,1288,1244],"class_list":["post-22299","post","type-post","status-publish","format-standard","has-post-thumbnail","hentry","category-appgd","category-futbol-nacional","category-mineros-de-guayana","category-primera-division","tag-guayana","tag-luis-vera","tag-mineros","tag-mineros-de-guayana","tag-pajaro","tag-torneo-adecuacion","tag-torneo-adecuacion-2015"],"_links":{"self":[{"href":"http:\/\/gradadigital.com\/home\/wp-json\/wp\/v2\/posts\/22299","targetHints":{"allow":["GET"]}}],"collection":[{"href":"http:\/\/gradadigital.com\/home\/wp-json\/wp\/v2\/posts"}],"about":[{"href":"http:\/\/gradadigital.com\/home\/wp-json\/wp\/v2\/types\/post"}],"author":[{"embeddable":true,"href":"http:\/\/gradadigital.com\/home\/wp-json\/wp\/v2\/users\/3"}],"replies":[{"embeddable":true,"href":"http:\/\/gradadigital.com\/home\/wp-json\/wp\/v2\/comments?post=22299"}],"version-history":[{"count":1,"href":"http:\/\/gradadigital.com\/home\/wp-json\/wp\/v2\/posts\/22299\/revisions"}],"predecessor-version":[{"id":22300,"href":"http:\/\/gradadigital.com\/home\/wp-json\/wp\/v2\/posts\/22299\/revisions\/22300"}],"wp:featuredmedia":[{"embeddable":true,"href":"http:\/\/gradadigital.com\/home\/wp-json\/wp\/v2\/media\/21924"}],"wp:attachment":[{"href":"http:\/\/gradadigital.com\/home\/wp-json\/wp\/v2\/media?parent=22299"}],"wp:term":[{"taxonomy":"category","embeddable":true,"href":"http:\/\/gradadigital.com\/home\/wp-json\/wp\/v2\/categories?post=22299"},{"taxonomy":"post_tag","embeddable":true,"href":"http:\/\/gradadigital.com\/home\/wp-json\/wp\/v2\/tags?post=22299"}],"curies":[{"name":"wp","href":"https:\/\/api.w.org\/{rel}","templated":true}]}}