{"id":22293,"date":"2015-07-28T13:59:40","date_gmt":"2015-07-28T18:29:40","guid":{"rendered":"http:\/\/gradadigital.com\/home\/?p=22293"},"modified":"2015-07-28T13:59:40","modified_gmt":"2015-07-28T18:29:40","slug":"video-maradona-me-cortaron-un-amor-que-crei-que-era-eterno","status":"publish","type":"post","link":"http:\/\/gradadigital.com\/home\/video-maradona-me-cortaron-un-amor-que-crei-que-era-eterno\/","title":{"rendered":"+VIDEO | Maradona: \u00abMe cortaron un amor que cre\u00ed que era eterno\u00bb"},"content":{"rendered":"<p style=\"text-align: center;\"><img decoding=\"async\" class=\"details-image\" draggable=\"false\" src=\"http:\/\/gradadigital.com\/home\/wp-content\/uploads\/2015\/03\/diego_maradona_victor_hugo_morales_telesur_dezurda_01032015.jpg\" alt=\"\" \/><\/p>\n<p style=\"text-align: center;\"><img decoding=\"async\" src=\"http:\/\/gradadigital.com\/home\/wp-content\/uploads\/2014\/12\/banner_opcion_comentarios_gd.jpg\" alt=\"http:\/\/gradadigital.com\/home\/wp-content\/uploads\/2014\/12\/banner_opcion_comentarios_gd.jpg\" \/><\/p>\n<p style=\"text-align: justify;\"><strong>EFE<\/strong><strong> &#8211;<\/strong> El ex astro del f\u00fatbol argentino Diego Maradona desminti\u00f3 que sufra una depresi\u00f3n por la reciente muerte de su padre. <strong>\u201cSe dijeron muchas cosas en estos d\u00edas. Nadie puede saber lo que yo estoy sintiendo por dentro por la p\u00e9rdida de mi padre\u201d<\/strong>, dijo el campe\u00f3n del Mundo en M\u00e9xico 1986 en un video que difundi\u00f3 hoy a trav\u00e9s de la redes sociales.<\/p>\n<p style=\"text-align: justify;\"><strong>\u201cMe cortaron un amor que cre\u00ed que era eterno. Eso no se olvida tan f\u00e1cilmente. No es depresi\u00f3n, no es que estoy mal con los argentinos, con el mundo. Simplemente tengo la tristeza de un hijo que es agradecido\u201d<\/strong>, dijo, mirando a c\u00e1mara y caminando sobre el c\u00e9sped de una cancha de f\u00fatbol con una pelota baj\u00f3 el brazo.<\/p>\n<p style=\"text-align: justify;\">En su mensaje, Maradona insisti\u00f3 en aclarar su estado de \u00e1nimo ante los trascendidos period\u00edsticos: <strong>\u201cP\u00f3nganselo en la cabeza: no es depresi\u00f3n, es tristeza de haber perdido a alguien que me llev\u00f3 a ser qui\u00e9n soy hoy\u201d<\/strong>.<\/p>\n<p style=\"text-align: justify;\">A su vez, se refiri\u00f3 de un modo enigm\u00e1tico a la FIFA, despu\u00e9s de que el periodista uruguayo V\u00edctor Hugo Morales, quien condujo con el astro argentino el programa \u201cDe Zurda\u201d en la cadena venezolana TeleSur, afirmara el mes pasado Maradona iba a ser candidato a presidente del ente rector.<\/p>\n<p style=\"text-align: justify;\"><strong>\u201cCuidado, que cuando vuelva, vuelvo con todo. Vuelvo a trabajar, vuelvo por la FIFA, vuelvo por la gente de Arabia que me dio trabajo y, por sobre todas las cosas, vuelvo por mi familia. Porque yo s\u00e9 que ellos est\u00e1n sufriendo tanto como yo\u201d<\/strong>, dijo Maradona.<\/p>\n<p style=\"text-align: center;\"><strong>VIDEO<\/strong><\/p>\n<iframe loading=\"lazy\" width=\"620\" height=\"384\" src=\"http:\/\/www.youtube.com\/embed\/UhZD30FUHJc?rel=0\" frameborder=\"0\" allowfullscreen><\/iframe>\n<p style=\"text-align: center;\"><a href=\"https:\/\/play.google.com\/store\/apps\/details?id=com.app.gradadigital\" target=\"_blank\"><img decoding=\"async\" src=\"http:\/\/gradadigital.com\/home\/wp-content\/uploads\/2014\/10\/banner_aplicacion_V2_GRADADIGITAL_17102014.jpg\" alt=\"http:\/\/gradadigital.com\/home\/wp-content\/uploads\/2014\/10\/banner_aplicacion_V2_GRADADIGITAL_17102014.jpg\" \/><\/a><\/p>\n","protected":false},"excerpt":{"rendered":"<p>EFE &#8211; El ex astro del f\u00fatbol argentino Diego Maradona desminti\u00f3 que sufra una depresi\u00f3n por la reciente muerte de su padre. \u201cSe dijeron muchas cosas en estos d\u00edas. Nadie puede saber lo que yo estoy sintiendo por dentro por la p\u00e9rdida de mi padre\u201d, dijo el campe\u00f3n del Mundo en M\u00e9xico 1986 en un &#8230;<\/p>\n","protected":false},"author":3,"featured_media":19020,"comment_status":"closed","ping_status":"closed","sticky":false,"template":"","format":"standard","meta":{"footnotes":""},"categories":[27,752,36],"tags":[186,1722,1721,218,1644],"class_list":["post-22293","post","type-post","status-publish","format-standard","has-post-thumbnail","hentry","category-video","category-appgd","category-internacional","tag-argentina","tag-d10s","tag-diego-maradona","tag-futbol","tag-maradona"],"_links":{"self":[{"href":"http:\/\/gradadigital.com\/home\/wp-json\/wp\/v2\/posts\/22293","targetHints":{"allow":["GET"]}}],"collection":[{"href":"http:\/\/gradadigital.com\/home\/wp-json\/wp\/v2\/posts"}],"about":[{"href":"http:\/\/gradadigital.com\/home\/wp-json\/wp\/v2\/types\/post"}],"author":[{"embeddable":true,"href":"http:\/\/gradadigital.com\/home\/wp-json\/wp\/v2\/users\/3"}],"replies":[{"embeddable":true,"href":"http:\/\/gradadigital.com\/home\/wp-json\/wp\/v2\/comments?post=22293"}],"version-history":[{"count":1,"href":"http:\/\/gradadigital.com\/home\/wp-json\/wp\/v2\/posts\/22293\/revisions"}],"predecessor-version":[{"id":22295,"href":"http:\/\/gradadigital.com\/home\/wp-json\/wp\/v2\/posts\/22293\/revisions\/22295"}],"wp:featuredmedia":[{"embeddable":true,"href":"http:\/\/gradadigital.com\/home\/wp-json\/wp\/v2\/media\/19020"}],"wp:attachment":[{"href":"http:\/\/gradadigital.com\/home\/wp-json\/wp\/v2\/media?parent=22293"}],"wp:term":[{"taxonomy":"category","embeddable":true,"href":"http:\/\/gradadigital.com\/home\/wp-json\/wp\/v2\/categories?post=22293"},{"taxonomy":"post_tag","embeddable":true,"href":"http:\/\/gradadigital.com\/home\/wp-json\/wp\/v2\/tags?post=22293"}],"curies":[{"name":"wp","href":"https:\/\/api.w.org\/{rel}","templated":true}]}}