{"id":22280,"date":"2015-07-28T03:57:56","date_gmt":"2015-07-28T08:27:56","guid":{"rendered":"http:\/\/gradadigital.com\/home\/?p=22280"},"modified":"2015-07-28T03:57:56","modified_gmt":"2015-07-28T08:27:56","slug":"manchester-united-ficha-al-meta-argentino-sergio-romero","status":"publish","type":"post","link":"http:\/\/gradadigital.com\/home\/manchester-united-ficha-al-meta-argentino-sergio-romero\/","title":{"rendered":"Manchester United ficha al meta argentino Sergio Romero"},"content":{"rendered":"<p style=\"text-align: center;\"><img decoding=\"async\" class=\"details-image\" draggable=\"false\" src=\"http:\/\/gradadigital.com\/home\/wp-content\/uploads\/2015\/07\/sergio_romero_manchester_united.jpg\" alt=\"\" \/><\/p>\n<p style=\"text-align: center;\"><img decoding=\"async\" src=\"http:\/\/gradadigital.com\/home\/wp-content\/uploads\/2014\/12\/banner_opcion_comentarios_gd.jpg\" alt=\"http:\/\/gradadigital.com\/home\/wp-content\/uploads\/2014\/12\/banner_opcion_comentarios_gd.jpg\" \/><\/p>\n<p style=\"text-align: justify;\"><strong>EFE &#8211;<\/strong> El Manchester United anunci\u00f3 hoy el fichaje del portero argentino Sergio Romero por tres temporadas, con la opci\u00f3n de renovar por una m\u00e1s al t\u00e9rmino del contrato firmado con los \u00abred devils\u00bb.<\/p>\n<p style=\"text-align: justify;\">En un comunicado difundido en su web, el club ingl\u00e9s se declar\u00f3 \u00abencantado\u00bb por la llegada de Romero, de 28 a\u00f1os de edad, quien ha militado este \u00faltimo a\u00f1o en el Sampdoria de la Liga italiana.<\/p>\n<p style=\"text-align: justify;\">Los medios brit\u00e1nicos especulan hoy con la posibilidad de que el fichaje del meta argentino sirva para acelerar la salida al Real Madrid de su portero titular, el espa\u00f1ol David De Gea.<\/p>\n<p style=\"text-align: justify;\">El t\u00e9cnico del Manchester United, el holand\u00e9s Louis Van Gaal, asegur\u00f3 hoy que Romero es un futbolista \u00abcon mucho talento\u00bb y destac\u00f3 el \u00abfant\u00e1stico\u00bb Mundial que disput\u00f3 en Brasil en 2014, a pesar de que su selecci\u00f3n nacional perdi\u00f3 la gran final ante Alemania.<\/p>\n<p style=\"text-align: justify;\">Van Gaal y Romero ya coincidieron en el equipo holand\u00e9s del AZ Alkmaar, adonde lleg\u00f3 el meta en 2007 y en el que milit\u00f3 durante cinco a\u00f1os, despu\u00e9s de debutar en Argentina con el Racing Club de Avellaneda.<\/p>\n<p style=\"text-align: justify;\"><strong>\u00abSergio es un portero con mucho talento. Cuando yo estuve en AZ Alkmaar era un portero joven y estoy encantado de que se una al Manchester United\u00bb<\/strong>, dijo el t\u00e9cnico holand\u00e9s.<\/p>\n<p style=\"text-align: justify;\">Por su parte, Romero asegur\u00f3 hoy que jugar con el United, el club <strong>\u00abm\u00e1s grande del mundo\u00bb<\/strong>, es <strong>\u00abun sue\u00f1o hecho realidad\u00bb<\/strong>.<\/p>\n<p style=\"text-align: justify;\"><strong>\u00abLouis van Gaal es un entrenador fant\u00e1stico y estoy deseando empezar este nuevo y excitante reto en mi carrera\u00bb<\/strong>, agreg\u00f3 el meta.<\/p>\n<p style=\"text-align: center;\"><a href=\"https:\/\/play.google.com\/store\/apps\/details?id=com.app.gradadigital\" target=\"_blank\"><img decoding=\"async\" src=\"http:\/\/gradadigital.com\/home\/wp-content\/uploads\/2014\/10\/banner_aplicacion_V2_GRADADIGITAL_17102014.jpg\" alt=\"http:\/\/gradadigital.com\/home\/wp-content\/uploads\/2014\/10\/banner_aplicacion_V2_GRADADIGITAL_17102014.jpg\" \/><\/a><\/p>\n","protected":false},"excerpt":{"rendered":"<p>EFE &#8211; El Manchester United anunci\u00f3 hoy el fichaje del portero argentino Sergio Romero por tres temporadas, con la opci\u00f3n de renovar por una m\u00e1s al t\u00e9rmino del contrato firmado con los \u00abred devils\u00bb. En un comunicado difundido en su web, el club ingl\u00e9s se declar\u00f3 \u00abencantado\u00bb por la llegada de Romero, de 28 a\u00f1os &#8230;<\/p>\n","protected":false},"author":3,"featured_media":22281,"comment_status":"closed","ping_status":"closed","sticky":false,"template":"","format":"standard","meta":{"footnotes":""},"categories":[752,36],"tags":[807,1618,1692,1714],"class_list":["post-22280","post","type-post","status-publish","format-standard","has-post-thumbnail","hentry","category-appgd","category-internacional","tag-louis-van-gaal","tag-manchester-united","tag-manchester-united-fc","tag-sergio-romero"],"_links":{"self":[{"href":"http:\/\/gradadigital.com\/home\/wp-json\/wp\/v2\/posts\/22280","targetHints":{"allow":["GET"]}}],"collection":[{"href":"http:\/\/gradadigital.com\/home\/wp-json\/wp\/v2\/posts"}],"about":[{"href":"http:\/\/gradadigital.com\/home\/wp-json\/wp\/v2\/types\/post"}],"author":[{"embeddable":true,"href":"http:\/\/gradadigital.com\/home\/wp-json\/wp\/v2\/users\/3"}],"replies":[{"embeddable":true,"href":"http:\/\/gradadigital.com\/home\/wp-json\/wp\/v2\/comments?post=22280"}],"version-history":[{"count":1,"href":"http:\/\/gradadigital.com\/home\/wp-json\/wp\/v2\/posts\/22280\/revisions"}],"predecessor-version":[{"id":22282,"href":"http:\/\/gradadigital.com\/home\/wp-json\/wp\/v2\/posts\/22280\/revisions\/22282"}],"wp:featuredmedia":[{"embeddable":true,"href":"http:\/\/gradadigital.com\/home\/wp-json\/wp\/v2\/media\/22281"}],"wp:attachment":[{"href":"http:\/\/gradadigital.com\/home\/wp-json\/wp\/v2\/media?parent=22280"}],"wp:term":[{"taxonomy":"category","embeddable":true,"href":"http:\/\/gradadigital.com\/home\/wp-json\/wp\/v2\/categories?post=22280"},{"taxonomy":"post_tag","embeddable":true,"href":"http:\/\/gradadigital.com\/home\/wp-json\/wp\/v2\/tags?post=22280"}],"curies":[{"name":"wp","href":"https:\/\/api.w.org\/{rel}","templated":true}]}}